{"id":186197,"date":"2020-08-31T08:37:40","date_gmt":"2020-08-31T11:37:40","guid":{"rendered":"https:\/\/www.caririemacao.com\/1\/?p=186197"},"modified":"2020-08-31T08:37:40","modified_gmt":"2020-08-31T11:37:40","slug":"sume-nao-registra-casos-positivos-de-coronavirus-neste-domingo-30","status":"publish","type":"post","link":"https:\/\/www.caririemacao.com\/1\/2020\/08\/31\/sume-nao-registra-casos-positivos-de-coronavirus-neste-domingo-30\/","title":{"rendered":"Sum\u00e9 n\u00e3o registra casos positivos de coronav\u00edrus neste domingo, 30"},"content":{"rendered":"\n<h1 class=\"wp-block-heading\"><\/h1>\n\n\n\n<p>A Secretaria Municipal de Sa\u00fade de Sum\u00e9 informa que n\u00e3o houve casos positivos para o coronav\u00edrus neste domingo, 30.<\/p>\n\n\n\n<p>A batalha contra o coronav\u00edrus ainda n\u00e3o foi vencida, por isso n\u00e3o baixe sua<br>guarda, continue seguindo medidas comprovadamente capazes de te proteger,<br>como: Lavar frequente as m\u00e3os; usar \u00e1lcool em gel 70%; ao sair usar m\u00e1scara<br>e evitar ambientes aglomerados.<\/p>\n\n\n\n<p>Ascom PMS<\/p>\n","protected":false},"excerpt":{"rendered":"<p>A Secretaria Municipal de Sa\u00fade de Sum\u00e9 informa que n\u00e3o houve casos positivos para o coronav\u00edrus neste domingo, 30. A batalha contra o coronav\u00edrus ainda&hellip; <\/p>\n","protected":false},"author":2,"featured_media":186198,"comment_status":"closed","ping_status":"closed","sticky":false,"template":"","format":"standard","meta":{"sfsi_plus_gutenberg_text_before_share":"","sfsi_plus_gutenberg_show_text_before_share":"","sfsi_plus_gutenberg_icon_type":"","sfsi_plus_gutenberg_icon_alignemt":"","sfsi_plus_gutenburg_max_per_row":"","footnotes":""},"categories":[50,2],"tags":[],"class_list":["post-186197","post","type-post","status-publish","format-standard","has-post-thumbnail","hentry","category-destaque","category-geral"],"_links":{"self":[{"href":"https:\/\/www.caririemacao.com\/1\/wp-json\/wp\/v2\/posts\/186197","targetHints":{"allow":["GET"]}}],"collection":[{"href":"https:\/\/www.caririemacao.com\/1\/wp-json\/wp\/v2\/posts"}],"about":[{"href":"https:\/\/www.caririemacao.com\/1\/wp-json\/wp\/v2\/types\/post"}],"author":[{"embeddable":true,"href":"https:\/\/www.caririemacao.com\/1\/wp-json\/wp\/v2\/users\/2"}],"replies":[{"embeddable":true,"href":"https:\/\/www.caririemacao.com\/1\/wp-json\/wp\/v2\/comments?post=186197"}],"version-history":[{"count":1,"href":"https:\/\/www.caririemacao.com\/1\/wp-json\/wp\/v2\/posts\/186197\/revisions"}],"predecessor-version":[{"id":186199,"href":"https:\/\/www.caririemacao.com\/1\/wp-json\/wp\/v2\/posts\/186197\/revisions\/186199"}],"wp:featuredmedia":[{"embeddable":true,"href":"https:\/\/www.caririemacao.com\/1\/wp-json\/wp\/v2\/media\/186198"}],"wp:attachment":[{"href":"https:\/\/www.caririemacao.com\/1\/wp-json\/wp\/v2\/media?parent=186197"}],"wp:term":[{"taxonomy":"category","embeddable":true,"href":"https:\/\/www.caririemacao.com\/1\/wp-json\/wp\/v2\/categories?post=186197"},{"taxonomy":"post_tag","embeddable":true,"href":"https:\/\/www.caririemacao.com\/1\/wp-json\/wp\/v2\/tags?post=186197"}],"curies":[{"name":"wp","href":"https:\/\/api.w.org\/{rel}","templated":true}]}}