{"id":186209,"date":"2020-08-31T08:57:41","date_gmt":"2020-08-31T11:57:41","guid":{"rendered":"https:\/\/www.caririemacao.com\/1\/?p=186209"},"modified":"2020-08-31T08:57:41","modified_gmt":"2020-08-31T11:57:41","slug":"caixa-credita-na-segunda-saque-emergencial-para-nascidos-em-setembro","status":"publish","type":"post","link":"https:\/\/www.caririemacao.com\/1\/2020\/08\/31\/caixa-credita-na-segunda-saque-emergencial-para-nascidos-em-setembro\/","title":{"rendered":"Caixa credita na segunda saque emergencial para nascidos em setembro"},"content":{"rendered":"\n<h2 class=\"wp-block-heading\"><\/h2>\n\n\n\n<p>A Caixa credita nesta segunda-feira (31) o saque emergencial do Fundo de Garantia do Tempo de Servi\u00e7o (FGTS) para os trabalhadores nascidos em setembro.&nbsp;<img decoding=\"async\" data-src=\"https:\/\/agenciabrasil.ebc.com.br\/ebc.png?id=1386476&amp;o=node\" src=\"data:image\/svg+xml;base64,PHN2ZyB3aWR0aD0iMSIgaGVpZ2h0PSIxIiB4bWxucz0iaHR0cDovL3d3dy53My5vcmcvMjAwMC9zdmciPjwvc3ZnPg==\" class=\"lazyload\"><img decoding=\"async\" data-src=\"https:\/\/agenciabrasil.ebc.com.br\/ebc.gif?id=1386476&amp;o=node\" src=\"data:image\/svg+xml;base64,PHN2ZyB3aWR0aD0iMSIgaGVpZ2h0PSIxIiB4bWxucz0iaHR0cDovL3d3dy53My5vcmcvMjAwMC9zdmciPjwvc3ZnPg==\" class=\"lazyload\"><\/p>\n\n\n\n<p>Apesar de a&nbsp;<a href=\"https:\/\/www.in.gov.br\/en\/web\/dou\/-\/medida-provisoria-n-946-de-7-de-abril-de-2020-251562794\" target=\"_blank\" rel=\"noreferrer noopener\">Medida Provis\u00f3ria 946<\/a>, que instituiu o saque emergencial, ter perdido a validade, a Caixa manteve o&nbsp;<a href=\"https:\/\/agenciabrasil.ebc.com.br\/economia\/noticia\/2020-08\/caixa-mantera-calendario-de-saque-do-fgts-mesmo-apos-fim-da-mp-946\" target=\"_blank\" rel=\"noreferrer noopener\">calend\u00e1rio de saques<\/a>, com base no princ\u00edpio da seguran\u00e7a jur\u00eddica. Ao todo, o governo pretende&nbsp;<a href=\"https:\/\/agenciabrasil.ebc.com.br\/economia\/noticia\/2020-06\/caixa-inicia-hoje-pagamento-saque-emergencial-fgts\" target=\"_blank\" rel=\"noreferrer noopener\">injetar R$ 37,8 bilh\u00f5es na economia<\/a>, beneficiando cerca de 60 milh\u00f5es de pessoas.<\/p>\n\n\n\n<p>Nesta fase, o dinheiro poder\u00e1 ser movimentado apenas por meio do aplicativo Caixa Tem. A ferramenta permite o pagamento de boletos (\u00e1gua, luz, telefone), compras com cart\u00e3o de d\u00e9bito virtual em sites e compras com c\u00f3digo QR (vers\u00e3o avan\u00e7ada de c\u00f3digo de barras) em maquininhas de cart\u00e3o de lojas parceiras com d\u00e9bito instant\u00e2neo do saldo da poupan\u00e7a digital.<\/p>\n\n\n\n<p>O pagamento ser\u00e1 feito na conta poupan\u00e7a social digital. O saque em dinheiro estar\u00e1 dispon\u00edvel somente em 31 de outubro.<\/p>\n\n\n\n<p>O valor do saque emergencial \u00e9 de at\u00e9 R$ 1.045, considerando a soma dos saldos de todas as contas ativas ou inativas com saldo no FGTS.<\/p>\n\n\n\n<h2 class=\"wp-block-heading\">Orienta\u00e7\u00f5es<\/h2>\n\n\n\n<p>A Caixa orienta os trabalhadores a verificar o valor do saque e a data do cr\u00e9dito nos canais de atendimento eletr\u00f4nico do banco:&nbsp;<a href=\"http:\/\/www.caixa.gov.br\/beneficios-trabalhador\/fgts\/Paginas\/default.aspx\" target=\"_blank\" rel=\"noreferrer noopener\">aplicativo FGTS<\/a>&nbsp;e telefone 111. Caso o trabalhador tenha direito ao saque emergencial, mas n\u00e3o teve a conta poupan\u00e7a digital aberta automaticamente,&nbsp;<a href=\"https:\/\/agenciabrasil.ebc.com.br\/economia\/noticia\/2020-07\/saiba-o-que-fazer-para-recuperar-direito-saque-de-r-1045-do-fgts\" target=\"_blank\" rel=\"noreferrer noopener\">dever\u00e1 acessar o aplicativo FGTS para complementar os dados e receber o dinheiro<\/a>.<\/p>\n\n\n\n<p>O banco alerta que n\u00e3o envia mensagens com pedido de senhas, dados ou informa\u00e7\u00f5es pessoais. Tamb\u00e9m n\u00e3o envia&nbsp;<em>links<\/em>&nbsp;nem pede confirma\u00e7\u00e3o de dispositivo ou acesso \u00e0 conta por e-mail, SMS ou WhatsApp.<\/p>\n\n\n\n<h2 class=\"wp-block-heading\">Cancelamento do cr\u00e9dito autom\u00e1tico<\/h2>\n\n\n\n<p>O trabalhador poder\u00e1 indicar que n\u00e3o deseja receber o saque emergencial do FGTS at\u00e9 dez dias antes do in\u00edcio do seu calend\u00e1rio de cr\u00e9dito na conta poupan\u00e7a social digital, para que sua conta do FGTS n\u00e3o seja debitada.<\/p>\n\n\n\n<p>Caso o cr\u00e9dito dos valores tenha sido feito na poupan\u00e7a social digital do trabalhador e essa conta n\u00e3o seja movimentada at\u00e9 30 de novembro de 2020, os valores corrigidos ser\u00e3o retornados \u00e0 conta do FGTS.<\/p>\n","protected":false},"excerpt":{"rendered":"<p>A Caixa credita nesta segunda-feira (31) o saque emergencial do Fundo de Garantia do Tempo de Servi\u00e7o (FGTS) para os trabalhadores nascidos em setembro.&nbsp; Apesar&hellip; <\/p>\n","protected":false},"author":2,"featured_media":186210,"comment_status":"closed","ping_status":"closed","sticky":false,"template":"","format":"standard","meta":{"sfsi_plus_gutenberg_text_before_share":"","sfsi_plus_gutenberg_show_text_before_share":"","sfsi_plus_gutenberg_icon_type":"","sfsi_plus_gutenberg_icon_alignemt":"","sfsi_plus_gutenburg_max_per_row":"","footnotes":""},"categories":[2],"tags":[],"class_list":["post-186209","post","type-post","status-publish","format-standard","has-post-thumbnail","hentry","category-geral"],"_links":{"self":[{"href":"https:\/\/www.caririemacao.com\/1\/wp-json\/wp\/v2\/posts\/186209","targetHints":{"allow":["GET"]}}],"collection":[{"href":"https:\/\/www.caririemacao.com\/1\/wp-json\/wp\/v2\/posts"}],"about":[{"href":"https:\/\/www.caririemacao.com\/1\/wp-json\/wp\/v2\/types\/post"}],"author":[{"embeddable":true,"href":"https:\/\/www.caririemacao.com\/1\/wp-json\/wp\/v2\/users\/2"}],"replies":[{"embeddable":true,"href":"https:\/\/www.caririemacao.com\/1\/wp-json\/wp\/v2\/comments?post=186209"}],"version-history":[{"count":1,"href":"https:\/\/www.caririemacao.com\/1\/wp-json\/wp\/v2\/posts\/186209\/revisions"}],"predecessor-version":[{"id":186211,"href":"https:\/\/www.caririemacao.com\/1\/wp-json\/wp\/v2\/posts\/186209\/revisions\/186211"}],"wp:featuredmedia":[{"embeddable":true,"href":"https:\/\/www.caririemacao.com\/1\/wp-json\/wp\/v2\/media\/186210"}],"wp:attachment":[{"href":"https:\/\/www.caririemacao.com\/1\/wp-json\/wp\/v2\/media?parent=186209"}],"wp:term":[{"taxonomy":"category","embeddable":true,"href":"https:\/\/www.caririemacao.com\/1\/wp-json\/wp\/v2\/categories?post=186209"},{"taxonomy":"post_tag","embeddable":true,"href":"https:\/\/www.caririemacao.com\/1\/wp-json\/wp\/v2\/tags?post=186209"}],"curies":[{"name":"wp","href":"https:\/\/api.w.org\/{rel}","templated":true}]}}