{"id":186217,"date":"2020-08-31T10:00:12","date_gmt":"2020-08-31T13:00:12","guid":{"rendered":"https:\/\/www.caririemacao.com\/1\/?p=186217"},"modified":"2020-08-31T10:00:12","modified_gmt":"2020-08-31T13:00:12","slug":"bolsonaro-auxilio-e-pouco-para-quem-recebe-e-muito-para-quem-paga","status":"publish","type":"post","link":"https:\/\/www.caririemacao.com\/1\/2020\/08\/31\/bolsonaro-auxilio-e-pouco-para-quem-recebe-e-muito-para-quem-paga\/","title":{"rendered":"Bolsonaro: aux\u00edlio \u00e9 \u201cpouco para quem recebe e muito para quem paga\u201d"},"content":{"rendered":"\n<h2 class=\"wp-block-heading\"><\/h2>\n\n\n\n<p>O presidente Jair Bolsonaro voltou a anunciar&nbsp;hoje&nbsp;(29) que o governo trabalhar pela prorroga\u00e7\u00e3o do aux\u00edlio emergencial at\u00e9 o final do ano, com um valor abaixo dos atuais R$ 600, mas acima de R$ 200,00.<img decoding=\"async\" data-src=\"https:\/\/agenciabrasil.ebc.com.br\/ebc.png?id=1371337&amp;o=node\" src=\"data:image\/svg+xml;base64,PHN2ZyB3aWR0aD0iMSIgaGVpZ2h0PSIxIiB4bWxucz0iaHR0cDovL3d3dy53My5vcmcvMjAwMC9zdmciPjwvc3ZnPg==\" class=\"lazyload\"><img decoding=\"async\" data-src=\"https:\/\/agenciabrasil.ebc.com.br\/ebc.gif?id=1371337&amp;o=node\" src=\"data:image\/svg+xml;base64,PHN2ZyB3aWR0aD0iMSIgaGVpZ2h0PSIxIiB4bWxucz0iaHR0cDovL3d3dy53My5vcmcvMjAwMC9zdmciPjwvc3ZnPg==\" class=\"lazyload\"><\/p>\n\n\n\n<p>\u201cSabemos da necessidade daqueles que recebem o aux\u00edlio emergencial, e ele \u00e9 pouco para quem recebe e muito para quem paga\u201d, disse o presidente. \u201cVoc\u00eas gastam por m\u00eas R$ 50 bilh\u00f5es neste aux\u00edlio. N\u00f3s pretendemos com um valor menor, que obviamente n\u00e3o ser\u00e1 600, mas tamb\u00e9m n\u00e3o ser\u00e1 200, prorrog\u00e1-lo at\u00e9 o final do ano\u201d, acrescentou.<\/p>\n\n\n\n<p>Pago em raz\u00e3o da crise econ\u00f4mica provocada pela pandemia de covid-19, a cria\u00e7\u00e3o do benef\u00edcio foi aprovada pelo Congresso em mar\u00e7o e sancionada pelo presidente no m\u00eas seguinte. Os benefici\u00e1rios aprovados, que incluem desempregados e informais, recebem&nbsp;hoje&nbsp;tr\u00eas parcelas mensais de R$ 600,00.<\/p>\n\n\n\n<h2 class=\"wp-block-heading\">Taxa\u00e7\u00e3o do sol<\/h2>\n\n\n\n<p>Bolsonaro fez o an\u00fancio no munic\u00edpio goiano de Caldas Novas, onde participou&nbsp;hoje&nbsp;(29) da inaugura\u00e7\u00e3o de uma usina de energia fotovoltaica, junto com o ministro das Minas e Energia, Bento Gon\u00e7alves, e o governador de Goi\u00e1s, Ronaldo Caiado (DEM).<\/p>\n\n\n\n<p>A usina, com capacidade para iluminar 4.256 casas, foi constru\u00edda com recursos privados e pertence ao grupo Di Roma, que possui um complexo tur\u00edstico na cidade goiana, cujo principal atrativo s\u00e3o as \u00e1guas termais.<\/p>\n\n\n\n<p>No evento, o presidente voltou a se colocar contra a cobran\u00e7a de&nbsp;<a href=\"https:\/\/agenciabrasil.ebc.com.br\/politica\/noticia\/2020-01\/bolsonaro-diz-que-congresso-vai-sepultar-taxacao-de-energia-solar\" target=\"_blank\" rel=\"noreferrer noopener\">taxas sobre gera\u00e7\u00e3o de energia solar<\/a>, afirmando que \u201co sol n\u00e3o ser\u00e1 taxado\u201d. Em janeiro, Bolsonaro j\u00e1 havia dito que, ap\u00f3s conversas com a c\u00fapula do Congresso, a taxa\u00e7\u00e3o sobre a atividade estava \u201csepultada\u201d.<\/p>\n\n\n\n<p>O presidente passou a se posicionar com mais firmeza sobre o assunto depois que uma resolu\u00e7\u00e3o da Ag\u00eancia Nacional de Energia El\u00e9trica (Aneel) previu mudan\u00e7as nos subs\u00eddios para a compensa\u00e7\u00e3o da energia produzida em usinas fotovoltaicas. A medida foi depois revista.<\/p>\n","protected":false},"excerpt":{"rendered":"<p>O presidente Jair Bolsonaro voltou a anunciar&nbsp;hoje&nbsp;(29) que o governo trabalhar pela prorroga\u00e7\u00e3o do aux\u00edlio emergencial at\u00e9 o final do ano, com um valor abaixo&hellip; <\/p>\n","protected":false},"author":2,"featured_media":186218,"comment_status":"closed","ping_status":"closed","sticky":false,"template":"","format":"standard","meta":{"sfsi_plus_gutenberg_text_before_share":"","sfsi_plus_gutenberg_show_text_before_share":"","sfsi_plus_gutenberg_icon_type":"","sfsi_plus_gutenberg_icon_alignemt":"","sfsi_plus_gutenburg_max_per_row":"","footnotes":""},"categories":[11],"tags":[],"class_list":["post-186217","post","type-post","status-publish","format-standard","has-post-thumbnail","hentry","category-politica"],"_links":{"self":[{"href":"https:\/\/www.caririemacao.com\/1\/wp-json\/wp\/v2\/posts\/186217","targetHints":{"allow":["GET"]}}],"collection":[{"href":"https:\/\/www.caririemacao.com\/1\/wp-json\/wp\/v2\/posts"}],"about":[{"href":"https:\/\/www.caririemacao.com\/1\/wp-json\/wp\/v2\/types\/post"}],"author":[{"embeddable":true,"href":"https:\/\/www.caririemacao.com\/1\/wp-json\/wp\/v2\/users\/2"}],"replies":[{"embeddable":true,"href":"https:\/\/www.caririemacao.com\/1\/wp-json\/wp\/v2\/comments?post=186217"}],"version-history":[{"count":1,"href":"https:\/\/www.caririemacao.com\/1\/wp-json\/wp\/v2\/posts\/186217\/revisions"}],"predecessor-version":[{"id":186219,"href":"https:\/\/www.caririemacao.com\/1\/wp-json\/wp\/v2\/posts\/186217\/revisions\/186219"}],"wp:featuredmedia":[{"embeddable":true,"href":"https:\/\/www.caririemacao.com\/1\/wp-json\/wp\/v2\/media\/186218"}],"wp:attachment":[{"href":"https:\/\/www.caririemacao.com\/1\/wp-json\/wp\/v2\/media?parent=186217"}],"wp:term":[{"taxonomy":"category","embeddable":true,"href":"https:\/\/www.caririemacao.com\/1\/wp-json\/wp\/v2\/categories?post=186217"},{"taxonomy":"post_tag","embeddable":true,"href":"https:\/\/www.caririemacao.com\/1\/wp-json\/wp\/v2\/tags?post=186217"}],"curies":[{"name":"wp","href":"https:\/\/api.w.org\/{rel}","templated":true}]}}