{"id":186221,"date":"2020-08-31T10:02:09","date_gmt":"2020-08-31T13:02:09","guid":{"rendered":"https:\/\/www.caririemacao.com\/1\/?p=186221"},"modified":"2020-08-31T10:02:09","modified_gmt":"2020-08-31T13:02:09","slug":"estados-unidos-reduzem-cota-de-importacao-de-aco-do-brasil","status":"publish","type":"post","link":"https:\/\/www.caririemacao.com\/1\/2020\/08\/31\/estados-unidos-reduzem-cota-de-importacao-de-aco-do-brasil\/","title":{"rendered":"Estados Unidos reduzem cota de importa\u00e7\u00e3o de a\u00e7o do Brasil"},"content":{"rendered":"\n<h2 class=\"wp-block-heading\"><\/h2>\n\n\n\n<p>O governo dos Estados Unidos anunciou que vai reduzir a quota para as exporta\u00e7\u00f5es do a\u00e7o semi-acabado do Brasil. A medida, segundo o presidente dos Estados Unidos, Donald Trump, se deu porque houve mudan\u00e7as significativas no mercado de a\u00e7o dos Estados Unidos, que se contraiu em 2020, depois de aumentar em 2018 e 2019.<img decoding=\"async\" data-src=\"https:\/\/agenciabrasil.ebc.com.br\/ebc.png?id=1386461&amp;o=node\" src=\"data:image\/svg+xml;base64,PHN2ZyB3aWR0aD0iMSIgaGVpZ2h0PSIxIiB4bWxucz0iaHR0cDovL3d3dy53My5vcmcvMjAwMC9zdmciPjwvc3ZnPg==\" class=\"lazyload\"><img decoding=\"async\" data-src=\"https:\/\/agenciabrasil.ebc.com.br\/ebc.gif?id=1386461&amp;o=node\" src=\"data:image\/svg+xml;base64,PHN2ZyB3aWR0aD0iMSIgaGVpZ2h0PSIxIiB4bWxucz0iaHR0cDovL3d3dy53My5vcmcvMjAwMC9zdmciPjwvc3ZnPg==\" class=\"lazyload\"><\/p>\n\n\n\n<p>Trump disse ainda,&nbsp;<a href=\"https:\/\/www.whitehouse.gov\/presidential-actions\/proclamation-adjusting-imports-steel-united-states-082920\/\" target=\"_blank\" rel=\"noreferrer noopener\">em comunicado<\/a>, que as exporta\u00e7\u00f5es dos produtores norte-americanos ca\u00edram 15% no primeiro semestre de 2020, e que a utiliza\u00e7\u00e3o da capacidade instalada das empresas do setor estava&nbsp;abaixo de 70%, at\u00e9 o dia 15 de agosto.<\/p>\n\n\n\n<p>&#8220;Al\u00e9m disso, as importa\u00e7\u00f5es da maioria dos pa\u00edses diminu\u00edram este ano de maneira compat\u00edvel com essa contra\u00e7\u00e3o, enquanto as importa\u00e7\u00f5es do Brasil diminu\u00edram apenas ligeiramente&#8221;, afirmou Trump ao anunciar a redu\u00e7\u00e3o.<\/p>\n\n\n\n<h2 class=\"wp-block-heading\">Brasil<\/h2>\n\n\n\n<p>Em nota conjunta, publicada na noite deste s\u00e1bado (29), os \ufeff\ufeffminist\u00e9rios das Rela\u00e7\u00f5es Exteriores e da Economia afirmaram que apesar da redu\u00e7\u00e3o, as tarifas sobre o com\u00e9rcio bilateral do a\u00e7o intra-quota permanecer\u00e3o isentas, a exemplo do que ocorreu em 2019. Segundo a nota, uma rodada de negocia\u00e7\u00e3o entre os dois pa\u00edses ser\u00e1 realizada em dezembro.<\/p>\n\n\n\n<p>&#8220;O governo brasileiro mant\u00e9m a firme expectativa de que a recupera\u00e7\u00e3o do setor sider\u00fargico dos EUA, o di\u00e1logo franco e construtivo na mat\u00e9ria, a ser retomado em dezembro pr\u00f3ximo, e a excepcional qualidade das rela\u00e7\u00f5es bilaterais permitir\u00e3o o pleno restabelecimento e mesmo a eleva\u00e7\u00e3o dos n\u00edveis de com\u00e9rcio de a\u00e7o semi-acabado. Essa perspectiva coaduna-se com os atuais esfor\u00e7os conjuntos de integra\u00e7\u00e3o ainda maior das economias dos dois pa\u00edses&#8221;, diz a nota.<\/p>\n\n\n\n<p>H\u00e1 dois anos, o governo do presidente Donald Trump come\u00e7ou a adotar medidas que afetaram as exporta\u00e7\u00f5es brasileiras. A primeira foi a imposi\u00e7\u00e3o, em mar\u00e7o de 2018, de quotas para as compras de a\u00e7o brasileiro e a taxa\u00e7\u00e3o de 10% das compras de alum\u00ednio do pa\u00eds.<\/p>\n\n\n\n<p>Em dezembro do ano passado, Trump j\u00e1 havia anunciado a inten\u00e7\u00e3o de reduzir as quotas de exporta\u00e7\u00e3o do a\u00e7o brasileiro, mas recuou&nbsp;<a href=\"https:\/\/agenciabrasil.ebc.com.br\/internacional\/noticia\/2019-12\/trump-se-compromete-nao-taxar-aco-brasileiro-diz-bolsonaro\" target=\"_blank\" rel=\"noreferrer noopener\">ap\u00f3s negocia\u00e7\u00f5es com o governo brasileiro<\/a>.<\/p>\n\n\n\n<p>Na ocasi\u00e3o, o Instituto A\u00e7o Brasil, entidade representativa dos produtores de a\u00e7o no pa\u00eds, disse que recebeu a decis\u00e3o com perplexidade. Em posicionamento publicado em sua p\u00e1gna na internet, o instituto disse que a decis\u00e3o era uma retalia\u00e7\u00e3o ao Brasil, e que a medida acabaria &#8220;por prejudicar a pr\u00f3pria ind\u00fastria produtora de a\u00e7o americana, que necessita dos semiacabados exportados pelo Brasil para poder operar as suas usinas.&#8221;<\/p>\n","protected":false},"excerpt":{"rendered":"<p>O governo dos Estados Unidos anunciou que vai reduzir a quota para as exporta\u00e7\u00f5es do a\u00e7o semi-acabado do Brasil. A medida, segundo o presidente dos&hellip; <\/p>\n","protected":false},"author":2,"featured_media":186222,"comment_status":"closed","ping_status":"closed","sticky":false,"template":"","format":"standard","meta":{"sfsi_plus_gutenberg_text_before_share":"","sfsi_plus_gutenberg_show_text_before_share":"","sfsi_plus_gutenberg_icon_type":"","sfsi_plus_gutenberg_icon_alignemt":"","sfsi_plus_gutenburg_max_per_row":"","footnotes":""},"categories":[50,2],"tags":[],"class_list":["post-186221","post","type-post","status-publish","format-standard","has-post-thumbnail","hentry","category-destaque","category-geral"],"_links":{"self":[{"href":"https:\/\/www.caririemacao.com\/1\/wp-json\/wp\/v2\/posts\/186221","targetHints":{"allow":["GET"]}}],"collection":[{"href":"https:\/\/www.caririemacao.com\/1\/wp-json\/wp\/v2\/posts"}],"about":[{"href":"https:\/\/www.caririemacao.com\/1\/wp-json\/wp\/v2\/types\/post"}],"author":[{"embeddable":true,"href":"https:\/\/www.caririemacao.com\/1\/wp-json\/wp\/v2\/users\/2"}],"replies":[{"embeddable":true,"href":"https:\/\/www.caririemacao.com\/1\/wp-json\/wp\/v2\/comments?post=186221"}],"version-history":[{"count":1,"href":"https:\/\/www.caririemacao.com\/1\/wp-json\/wp\/v2\/posts\/186221\/revisions"}],"predecessor-version":[{"id":186223,"href":"https:\/\/www.caririemacao.com\/1\/wp-json\/wp\/v2\/posts\/186221\/revisions\/186223"}],"wp:featuredmedia":[{"embeddable":true,"href":"https:\/\/www.caririemacao.com\/1\/wp-json\/wp\/v2\/media\/186222"}],"wp:attachment":[{"href":"https:\/\/www.caririemacao.com\/1\/wp-json\/wp\/v2\/media?parent=186221"}],"wp:term":[{"taxonomy":"category","embeddable":true,"href":"https:\/\/www.caririemacao.com\/1\/wp-json\/wp\/v2\/categories?post=186221"},{"taxonomy":"post_tag","embeddable":true,"href":"https:\/\/www.caririemacao.com\/1\/wp-json\/wp\/v2\/tags?post=186221"}],"curies":[{"name":"wp","href":"https:\/\/api.w.org\/{rel}","templated":true}]}}