{"id":186229,"date":"2020-08-31T10:09:31","date_gmt":"2020-08-31T13:09:31","guid":{"rendered":"https:\/\/www.caririemacao.com\/1\/?p=186229"},"modified":"2020-08-31T10:09:31","modified_gmt":"2020-08-31T13:09:31","slug":"eleicoes-2020-campanhas-digitais-serao-as-maiores-da-historia-do-pais","status":"publish","type":"post","link":"https:\/\/www.caririemacao.com\/1\/2020\/08\/31\/eleicoes-2020-campanhas-digitais-serao-as-maiores-da-historia-do-pais\/","title":{"rendered":"Elei\u00e7\u00f5es 2020: campanhas digitais ser\u00e3o as maiores da hist\u00f3ria do pa\u00eds"},"content":{"rendered":"\n<h1 class=\"wp-block-heading\"><\/h1>\n\n\n\n<p>A corrida presidencial de 2018 ficou marcada por ter sido a primeira a utilizar em larga escala os meios digitais para influenciar o voto, seja por aplicativos de mensagens, como o WhatsApp, seja por meio das redes sociais.<\/p>\n\n\n\n<p>Com a evolu\u00e7\u00e3o das tecnologias e a sua presen\u00e7a cada vez mais ostensiva no cotidiano das pessoas, era natural que a elei\u00e7\u00e3o seguinte fosse ainda mais influenciada por esse tipo de ca\u00e7a ao eleitor, mas a pandemia do novo coronav\u00edrus amplificou o potencial para que a disputa pelos cargos de prefeito e vereador, em novembro, seja a mais digital da hist\u00f3ria do pa\u00eds.<\/p>\n\n\n\n<p>Em raz\u00e3o das restri\u00e7\u00f5es impostas para conter o v\u00edrus, sair\u00e3o de cena o corpo a corpo em locais p\u00fablicos, as caminhadas com militantes pelas ruas das cidades, os tradicionais com\u00edcios, as fotos com crian\u00e7as no colo, os abra\u00e7os efusivos e a distribui\u00e7\u00e3o em massa de santinhos. No lugar, entrar\u00e3o os panfletos digitais, as selfies, os v\u00eddeos, os disparos de mensagens endere\u00e7adas a um perfil espec\u00edfico de eleitor, os debates virtuais e at\u00e9 inova\u00e7\u00f5es como os \u201clivem\u00edcios\u201d.<\/p>\n\n\n\n<p>Oficialmente, a corrida come\u00e7a na pr\u00f3xima segunda, 31, com o in\u00edcio das conven\u00e7\u00f5es partid\u00e1rias (o t\u00e9rmino dessa fase ocorrer\u00e1 em 16 de setembro). Na pr\u00e1tica, a disputa j\u00e1 come\u00e7ou, com grande movimenta\u00e7\u00e3o nos bastidores para se adequar a essa nova realidade.<\/p>\n\n\n\n<p>Se o impacto digital no pleito que levou Jair Bolsonaro \u00e0 Presid\u00eancia chocou muita gente, o portf\u00f3lio de novidades para este ano tende a surpreender muito mais. Uma delas ser\u00e1 a estreia da rede chinesa de v\u00eddeos curtos TikTok em uma elei\u00e7\u00e3o no pa\u00eds.<\/p>\n\n\n\n<p>\u201cO aplicativo vai ser o&nbsp;<em>game changer<\/em>&nbsp;neste pleito, sobretudo para ativar os jovens no Brasil\u201d, disse a VEJA o publicit\u00e1rio americano Arick Wierson, que foi consultor de imagem na campanha bolsonarista e deve atuar em disputas municipais em 2020 (mas n\u00e3o revela com quais clientes est\u00e1 negociando).<\/p>\n\n\n\n<p>Outra inova\u00e7\u00e3o ser\u00e1 o santinho digital, uma esp\u00e9cie de card com a foto e o n\u00famero dos candidatos, que j\u00e1 est\u00e1 \u00e0 venda em sites. Consagradas na pandemia, as&nbsp;<em>lives<\/em>&nbsp;tender\u00e3o a virar \u201clivem\u00edcios\u201d na pol\u00edtica. O Tribunal Superior Eleitoral (TSE) decidiu nesta sexta-feira, dia 28, por unanimidade que est\u00e3o vedados os eventos transmitidos com artistas, j\u00e1 que a lei pro\u00ed\u00adbe shows como propaganda eleitoral, mas \u00e9 dif\u00edcil impedir que um artista mande um \u201cal\u00f4\u201d ao pol\u00edtico preferido durante um v\u00eddeo ao vivo.<\/p>\n\n\n\n<p>Pr\u00e9-candidatos j\u00e1 come\u00e7aram a se valer da ferramenta \u2014 Guilherme Boulos (PSOL) tem um programa no YouTube chamado&nbsp;<em>Boulos Invadiu Minha Casa<\/em>, enquanto a candidata do PCdoB em Porto Alegre, Manuela d\u2019\u00c1vila, passou as \u00faltimas semanas fazendo&nbsp;<em>lives<\/em>&nbsp;com associa\u00e7\u00f5es de bairros.<\/p>\n\n\n\n<p>Deve vingar ainda o \u201c<em>Big Brother&nbsp;<\/em>eleitoral\u201d, no qual o candidato simula com v\u00eddeos e fotos o dia a dia com a fam\u00edlia, com os amigos, com a comunidade. Eduardo Paes (DEM), no Rio, postou recentemente uma imagem fazendo churrasco no quintal de casa com a camisa do Vasco.<\/p>\n","protected":false},"excerpt":{"rendered":"<p>A corrida presidencial de 2018 ficou marcada por ter sido a primeira a utilizar em larga escala os meios digitais para influenciar o voto, seja&hellip; <\/p>\n","protected":false},"author":2,"featured_media":186230,"comment_status":"closed","ping_status":"closed","sticky":false,"template":"","format":"standard","meta":{"sfsi_plus_gutenberg_text_before_share":"","sfsi_plus_gutenberg_show_text_before_share":"","sfsi_plus_gutenberg_icon_type":"","sfsi_plus_gutenberg_icon_alignemt":"","sfsi_plus_gutenburg_max_per_row":"","footnotes":""},"categories":[50,2],"tags":[],"class_list":["post-186229","post","type-post","status-publish","format-standard","has-post-thumbnail","hentry","category-destaque","category-geral"],"_links":{"self":[{"href":"https:\/\/www.caririemacao.com\/1\/wp-json\/wp\/v2\/posts\/186229","targetHints":{"allow":["GET"]}}],"collection":[{"href":"https:\/\/www.caririemacao.com\/1\/wp-json\/wp\/v2\/posts"}],"about":[{"href":"https:\/\/www.caririemacao.com\/1\/wp-json\/wp\/v2\/types\/post"}],"author":[{"embeddable":true,"href":"https:\/\/www.caririemacao.com\/1\/wp-json\/wp\/v2\/users\/2"}],"replies":[{"embeddable":true,"href":"https:\/\/www.caririemacao.com\/1\/wp-json\/wp\/v2\/comments?post=186229"}],"version-history":[{"count":1,"href":"https:\/\/www.caririemacao.com\/1\/wp-json\/wp\/v2\/posts\/186229\/revisions"}],"predecessor-version":[{"id":186231,"href":"https:\/\/www.caririemacao.com\/1\/wp-json\/wp\/v2\/posts\/186229\/revisions\/186231"}],"wp:featuredmedia":[{"embeddable":true,"href":"https:\/\/www.caririemacao.com\/1\/wp-json\/wp\/v2\/media\/186230"}],"wp:attachment":[{"href":"https:\/\/www.caririemacao.com\/1\/wp-json\/wp\/v2\/media?parent=186229"}],"wp:term":[{"taxonomy":"category","embeddable":true,"href":"https:\/\/www.caririemacao.com\/1\/wp-json\/wp\/v2\/categories?post=186229"},{"taxonomy":"post_tag","embeddable":true,"href":"https:\/\/www.caririemacao.com\/1\/wp-json\/wp\/v2\/tags?post=186229"}],"curies":[{"name":"wp","href":"https:\/\/api.w.org\/{rel}","templated":true}]}}