{"id":186448,"date":"2020-09-01T10:31:52","date_gmt":"2020-09-01T13:31:52","guid":{"rendered":"https:\/\/www.caririemacao.com\/1\/?p=186448"},"modified":"2020-09-01T10:31:52","modified_gmt":"2020-09-01T13:31:52","slug":"para-reabre-escolas-em-meio-a-pandemia-de-coronavirus-apos-pressao-das-escolas-particulares","status":"publish","type":"post","link":"https:\/\/www.caririemacao.com\/1\/2020\/09\/01\/para-reabre-escolas-em-meio-a-pandemia-de-coronavirus-apos-pressao-das-escolas-particulares\/","title":{"rendered":"Par\u00e1 reabre escolas em meio \u00e0 pandemia de coronav\u00edrus, ap\u00f3s press\u00e3o das escolas particulares"},"content":{"rendered":"\n<p>Escolas particulares e prefeituras municipais no Par\u00e1 j\u00e1 podem voltar com as aulas presenciais a partir desta ter\u00e7a (1\u00ba), ap\u00f3s\u00a0decreto publicado pelo governo estadual. A determina\u00e7\u00e3o ocorre depois que representantes de escolas particulares protestaram pela retomada.<\/p>\n\n\n\n<p>A secret\u00e1ria de Educa\u00e7\u00e3o, F\u00e1tima Braga, informou que ainda n\u00e3o haver\u00e1 aula presencial pela rede estadual e anunciou que\u00a0chips de celular v\u00e3o ser distribu\u00eddos para os alunos\u00a0da rede estadual. Ela tamb\u00e9m explicou que, nas outras redes,\u00a0cada institui\u00e7\u00e3o particular e cada prefeito devem definir como ser\u00e1 a retomada, respeitando aos crit\u00e9rios de preven\u00e7\u00e3o ao coronav\u00edrus, como o distanciamento social.<\/p>\n\n\n\n<p>No Par\u00e1, s\u00e3o&nbsp;2.113.296 estudantes matriculados na rede b\u00e1sica de ensino, sendo 314.177 no infantil; 1.439.788 no fundamental; e 359.331 no ensino m\u00e9dio, de acordo com dados do Censo Escolar de 2018 do Instituto Brasileiro de Geografia e Estat\u00edstica (IBGE).<\/p>\n\n\n\n<p>Questionada pela reportagem sobre a estimativa de alunos que devem voltar \u00e0s aulas nesta ter\u00e7a, ou ainda esta semana, a Secretaria de Educa\u00e7\u00e3o (Seduc) disse, por meio de assessoria, que responde apenas pela rede estadual, que possui 575 mil estudantes &#8211; 27% dos alunos matriculados na educa\u00e7\u00e3o b\u00e1sica.<\/p>\n\n\n\n<figure class=\"wp-block-image\"><img decoding=\"async\" data-src=\"https:\/\/s2.glbimg.com\/CESWFDB0H9oTiPaE1FZ078d7Br0=\/0x0:1300x867\/984x0\/smart\/filters:strip_icc()\/i.s3.glbimg.com\/v1\/AUTH_59edd422c0c84a879bd37670ae4f538a\/internal_photos\/bs\/2020\/T\/m\/SFuQkDSNy9whAJEl3b1g\/5604-18e3c3bc-dabb-1a6a-84f6-248be7441857.jpg\" alt=\"Escolas no Par\u00e1 est\u00e3o autorizadas a reabrir a partir desta ter\u00e7a, 1\u00ba. \u2014 Foto: Reprodu\u00e7\u00e3o \/ Ag\u00eancia Par\u00e1\" src=\"data:image\/svg+xml;base64,PHN2ZyB3aWR0aD0iMSIgaGVpZ2h0PSIxIiB4bWxucz0iaHR0cDovL3d3dy53My5vcmcvMjAwMC9zdmciPjwvc3ZnPg==\" class=\"lazyload\" \/><\/figure>\n\n\n\n<p>Escolas no Par\u00e1 est\u00e3o autorizadas a reabrir a partir desta ter\u00e7a, 1\u00ba. \u2014 Foto: Reprodu\u00e7\u00e3o \/ Ag\u00eancia Par\u00e1<\/p>\n\n\n\n<p>De acordo com a Sespa, o retorno das aulas presenciais no Par\u00e1 foi pensado ap\u00f3s &#8220;cont\u00ednuas quedas no n\u00famero de crian\u00e7as infectadas&#8221;.<\/p>\n\n\n\n<p>Em entrevista na \u00faltima sexta (28), o secret\u00e1rio adjunto da Sespa, Sipriano Ferraz, disse que houve uma redu\u00e7\u00e3o de mais de 60% na m\u00e9dia m\u00f3vel de crian\u00e7as infectadas pela Covid-19 nos \u00faltimos 14 dias e, por conta disso, o governo decidiu retomar as aulas presenciais.<\/p>\n\n\n\n<p>Segundo o secret\u00e1rio, 11% de todos os casos positivados no Par\u00e1 s\u00e3o de crian\u00e7as. No caso de interna\u00e7\u00f5es esse n\u00famero cai 7%, segundo ele. Analisando as mortes, o n\u00famero \u00e9 menor: 0,8%.<\/p>\n\n\n\n<p>&#8220;Temos redu\u00e7\u00e3o de 76% da m\u00e9dia m\u00f3vel de casos nos \u00faltimos 14 dias. Falando especificamente em crian\u00e7as, essa redu\u00e7\u00e3o \u00e9 de 64%. Com o passar dos dias, o n\u00famero de casos de crian\u00e7as vem caindo. Antes t\u00ednhamos a m\u00e9dia de 54 crian\u00e7as positivadas por dia. Hoje temos a m\u00e9dia de 16 crian\u00e7as positivadas por dia&#8221;, diz o secret\u00e1rio adjunto.<\/p>\n\n\n\n<figure class=\"wp-block-image\"><img decoding=\"async\" data-src=\"https:\/\/s01.video.glbimg.com\/x240\/8813036.jpg\" alt=\"Governo do Par\u00e1 emite decreto que autoriza aulas presenciais durante pandemia da Covid-19\" title=\"Governo do Par\u00e1 emite decreto que autoriza aulas presenciais durante pandemia da Covid-19\" src=\"data:image\/svg+xml;base64,PHN2ZyB3aWR0aD0iMSIgaGVpZ2h0PSIxIiB4bWxucz0iaHR0cDovL3d3dy53My5vcmcvMjAwMC9zdmciPjwvc3ZnPg==\" class=\"lazyload\" \/><\/figure>\n\n\n\n<p>Apesar da redu\u00e7\u00e3o anunciada, o governo do Par\u00e1 determinou, no \u00faltimo domingo (30), que todos os alunos da rede p\u00fablica do Estado ainda n\u00e3o voltar\u00e3o \u00e0s aulas presenciais. Apenas estudantes do 3\u00ba ano do ensino m\u00e9dio ter\u00e3o aulas on-line de conte\u00fado preparat\u00f3rio para o Exame Nacional do Ensino M\u00e9dio (Enem). As aulas presenciais est\u00e3o previstas para outubro.<\/p>\n\n\n\n<p>A decis\u00e3o do governo ocorreu depois de um per\u00edodo de\u00a0protestos de representantes das escolas particulares em Bel\u00e9m. Os representantes chegaram a participar de uma sess\u00e3o na Assembleia Legislativa do Par\u00e1 (Alepa), pedindo o\u00a0retorno das aulas presenciais.<\/p>\n\n\n\n<h2 class=\"has-normal-font-size wp-block-heading\">Professores s\u00e3o contra retomada<\/h2>\n\n\n\n<p>A categoria de professores \u00e9 contra o retorno sem os protocolos e estrutura necess\u00e1rios na rede p\u00fablica, se posicionando contra a volta \u00e0s aulas presenciais ou remotas, sob argumento de que h\u00e1 falta de tecnologia e estruturas nas escolas.<\/p>\n\n\n\n<p>&#8220;H\u00e1 muitas inquieta\u00e7\u00f5es&#8221;, questiona Silvia Let\u00edcia da Luz, coordenadora do Sindicato dos Trabalhadores em Educa\u00e7\u00e3o P\u00fablica do Estado do Par\u00e1 (Sintepp).<\/p>\n\n\n\n<blockquote class=\"wp-block-quote is-layout-flow wp-block-quote-is-layout-flow\"><p>&#8220;Nossos alunos e professores n\u00e3o t\u00eam condi\u00e7\u00f5es para aulas remotas, pois n\u00e3o h\u00e1 estrutura para utiliza\u00e7\u00e3o das tecnologias ou forma\u00e7\u00e3o, aparelhos, rede de internet. O governo far\u00e1 inclus\u00e3o digital? Haver\u00e1 forma\u00e7\u00e3o aos professores e alunos? Quais ferramentas? S\u00f3 o&nbsp;<em>chip<\/em>? E o aparelhos?&#8221;, afirma.<\/p><\/blockquote>\n\n\n\n<p>Ainda de acordo com a coordenadora, &#8220;n\u00e3o existem condi\u00e7\u00f5es de garantir distanciamento social nas escolas, pois n\u00e3o h\u00e1 espa\u00e7o adequado&#8221;.<\/p>\n\n\n\n<figure class=\"wp-block-image\"><img decoding=\"async\" data-src=\"https:\/\/s01.video.glbimg.com\/x240\/8820648.jpg\" alt=\"Sindicato questiona volta \u00e0s aulas no Par\u00e1\" title=\"Sindicato questiona volta \u00e0s aulas no Par\u00e1\" src=\"data:image\/svg+xml;base64,PHN2ZyB3aWR0aD0iMSIgaGVpZ2h0PSIxIiB4bWxucz0iaHR0cDovL3d3dy53My5vcmcvMjAwMC9zdmciPjwvc3ZnPg==\" class=\"lazyload\" \/><\/figure>\n\n\n\n<p>l<\/p>\n\n\n\n<p>Em reuni\u00e3o com os minist\u00e9rio P\u00fablico do Par\u00e1 (MPPA) e Federal (MPF) na \u00faltima segunda (31), representantes do sindicato defenderam a abertura de uma a\u00e7\u00e3o civil p\u00fablica contra o Estado, apontando para uma &#8220;situa\u00e7\u00e3o de retorno sem discuss\u00f5es adequadas de protocolo; sem testagem da comunidade escolar e sem as condi\u00e7\u00f5es que garantam a retomada&#8221;.<\/p>\n\n\n\n<blockquote class=\"wp-block-quote is-layout-flow wp-block-quote-is-layout-flow\"><p>&#8220;Somos contra retorno presencial na pandemia, porque governos e prefeitos n\u00e3o dialogam&#8221;, aponta Silvia Leticia.<\/p><\/blockquote>\n\n\n\n<p>Em nota, o MPPA informou que o sindicato pediu a reuni\u00e3o e que, na pauta, foi discutida a garantia do direito \u00e0 educa\u00e7\u00e3o em tempos de pandemia, tendo em vista os posicionamentos que o MP tem at\u00e9 ent\u00e3o.<\/p>\n\n\n\n<p>&#8220;O objetivo foi discutir quando e qual a melhor forma de garantir esse retorno presencial com seguran\u00e7a, definindo estrat\u00e9gias dentro da atribui\u00e7\u00e3o de cada institui\u00e7\u00e3o. Foram debatidas metas de cumprimento dessa fiscaliza\u00e7\u00e3o, atua\u00e7\u00e3o em diferentes frentes voltadas sobretudo na quest\u00e3o da oportunidade e das condi\u00e7\u00f5es do retorno \u00e0s atividades escolares&#8221;, afirmou.<\/p>\n\n\n\n<p>Ainda na nota, o \u00f3rg\u00e3o disse que &#8220;continua dialogando com os movimentos sociais e com o poder p\u00fablico, e prossegue no posicionamento inicial de retorno das atividades escolares com seguran\u00e7a.&#8221;<\/p>\n\n\n\n<p>J\u00e1 o MPF informou que, de acordo com a procuradoria regional dos Direitos do Cidad\u00e3o, a reuni\u00e3o serviu para que o sindicato expusesse as preocupa\u00e7\u00f5es da categoria em rela\u00e7\u00e3o ao eventual retorno \u00e0s atividades presenciais, destacando os problemas estruturais das escolas. Segundo nota, n\u00e3o houve nova delibera\u00e7\u00e3o tomada pelo MP na reuni\u00e3o.<\/p>\n\n\n\n<h2 class=\"has-normal-font-size wp-block-heading\">Particulares j\u00e1 se preparam para volta<\/h2>\n\n\n\n<figure class=\"wp-block-image\"><img decoding=\"async\" data-src=\"https:\/\/s04.video.glbimg.com\/x240\/8819875.jpg\" alt=\"Escolas particulares se preparam para o retorno das aulas presenciais em Bel\u00e9m\" title=\"Escolas particulares se preparam para o retorno das aulas presenciais em Bel\u00e9m\" src=\"data:image\/svg+xml;base64,PHN2ZyB3aWR0aD0iMSIgaGVpZ2h0PSIxIiB4bWxucz0iaHR0cDovL3d3dy53My5vcmcvMjAwMC9zdmciPjwvc3ZnPg==\" class=\"lazyload\" \/><\/figure>\n\n\n\n<p>Enquanto n\u00e3o h\u00e1 data definida para retorno na rede p\u00fablica estadual, nas escolas particulares j\u00e1 h\u00e1 escolas retomando as aulas nesta ter\u00e7a.<\/p>\n\n\n\n<p>Em uma escola no bairro de Nazar\u00e9, bairro nobre de Bel\u00e9m, foram adotados protocolos como marca\u00e7\u00f5es no ch\u00e3o; instala\u00e7\u00e3o de pias com sab\u00e3o; disponibiliza\u00e7\u00e3o de \u00e1lcool em gel; aferi\u00e7\u00e3o de temperatura; aulas h\u00edbridas com capacidade reduzida de alunos na sala de aula e outros via transmiss\u00e3o ao vivo; intervalos reduzidos, entre outros.<\/p>\n\n\n\n<p>O diretor Iranilson Lima explicou que, no primeiro momento, somente alunos do terceiro ano retornam nesta ter\u00e7a. &#8220;A expectativa \u00e9 grande porque \u00e9 uma readapta\u00e7\u00e3o dos estudantes, das fam\u00edlias, dos educadores. Os estudantes junto \u00e0 fam\u00edlia decidem se h\u00e1 conveni\u00eancia de vir \u00e0 escola ou n\u00e3o, mas independente de estar na sala ou n\u00e3o, todos eles ter\u00e3o suporte com as aulas aqui no sistema h\u00edbrido&#8221;.<\/p>\n\n\n\n<p>Lima afirma que, al\u00e9m da retomada das aulas, a institui\u00e7\u00e3o vai garantir suporte e apoio aos alunos. &#8220;A expectativa \u00e9 de acolher bem, com proximidade, n\u00e3o no sentido f\u00edsico, mas tamb\u00e9m no emocional, pois os estudantes, as fam\u00edlias, a sociedade como um todo teve uma experi\u00eancia muito forte. E os alunos v\u00eam com toda essa carga emocional&#8221;.<\/p>\n\n\n\n<h2 class=\"has-normal-font-size wp-block-heading\">&#8216;Atual momento ainda requer cuidados&#8217;, diz infectologista<\/h2>\n\n\n\n<p>Bel\u00e9m, por exemplo, \u00e9 a oitava capital do Brasil com mais mortes registrados de Covid-19 e 12\u00aa em n\u00famero de infectados. S\u00e3o 2.095 mortes e 31.780 casos at\u00e9 a \u00faltima segunda (31), de acordo com levantamento pelo cons\u00f3rcio de ve\u00edculos de imprensa.<\/p>\n\n\n\n<p>J\u00e1 o Par\u00e1 \u00e9 o sexto estado com mais notifica\u00e7\u00f5es de casos ao Minist\u00e9rio da Sa\u00fade. De acordo com \u00faltimo boletim da Secretaria de Sa\u00fade (Sespa), j\u00e1 s\u00e3o\u00a0mais de 200 mil casos e quase 6,2 mil mortes.<\/p>\n\n\n\n<p>&#8220;A pandemia passa por um processo de transi\u00e7\u00e3o, em que n\u00f3s n\u00e3o sabemos, neste momento, em que n\u00e3o sabemos quem tem o coronav\u00edrus e quem n\u00e3o tem. E pelas quest\u00f5es de evolu\u00e7\u00e3o do pr\u00f3prio v\u00edrus, as muta\u00e7\u00f5es, novas cepas detectadas, n\u00e3o temos a confian\u00e7a em afirmar que uma pessoa que j\u00e1 teve a Covid-19 n\u00e3o vai ter novamente no nosso estado&#8221;, explica.<\/p>\n\n\n\n<h2 class=\"has-normal-font-size wp-block-heading\">Seduc garante que volta ser\u00e1 segura<\/h2>\n\n\n\n<p>Em rela\u00e7\u00e3o ao retorno das atividades presenciais, a Seduc afirmou, em nota, que os crit\u00e9rios de volta \u00e0s aulas ser\u00e3o discutido no \u00e2mbito de cada escola e que&nbsp;&#8220;a prepara\u00e7\u00e3o para uma retomada segura segue todos os protocolos sanit\u00e1rios recomendados pela Organiza\u00e7\u00e3o Mundial de Sa\u00fade (OMS)&#8221;.<\/p>\n\n\n\n<p>Em rela\u00e7\u00e3o \u00e0s condi\u00e7\u00f5es de infraestrutura das escolas do Par\u00e1, a Seduc informou que tanto as escolas do interior quanto da regi\u00e3o metropolitana receber\u00e3o as condi\u00e7\u00f5es higi\u00eanicas e sanit\u00e1rias necess\u00e1rias, assim como a garantia de acesso ao Equipamento de prote\u00e7\u00e3o Individual (EPIs) para a seguran\u00e7a dos alunos e professores em sala de aula.<\/p>\n\n\n\n<p>COM G1<\/p>\n","protected":false},"excerpt":{"rendered":"<p>Escolas particulares e prefeituras municipais no Par\u00e1 j\u00e1 podem voltar com as aulas presenciais a partir desta ter\u00e7a (1\u00ba), ap\u00f3s\u00a0decreto publicado pelo governo estadual. A&hellip; <\/p>\n","protected":false},"author":1,"featured_media":186460,"comment_status":"closed","ping_status":"closed","sticky":false,"template":"","format":"standard","meta":{"sfsi_plus_gutenberg_text_before_share":"","sfsi_plus_gutenberg_show_text_before_share":"","sfsi_plus_gutenberg_icon_type":"","sfsi_plus_gutenberg_icon_alignemt":"","sfsi_plus_gutenburg_max_per_row":"","footnotes":""},"categories":[50],"tags":[],"class_list":["post-186448","post","type-post","status-publish","format-standard","has-post-thumbnail","hentry","category-destaque"],"_links":{"self":[{"href":"https:\/\/www.caririemacao.com\/1\/wp-json\/wp\/v2\/posts\/186448","targetHints":{"allow":["GET"]}}],"collection":[{"href":"https:\/\/www.caririemacao.com\/1\/wp-json\/wp\/v2\/posts"}],"about":[{"href":"https:\/\/www.caririemacao.com\/1\/wp-json\/wp\/v2\/types\/post"}],"author":[{"embeddable":true,"href":"https:\/\/www.caririemacao.com\/1\/wp-json\/wp\/v2\/users\/1"}],"replies":[{"embeddable":true,"href":"https:\/\/www.caririemacao.com\/1\/wp-json\/wp\/v2\/comments?post=186448"}],"version-history":[{"count":1,"href":"https:\/\/www.caririemacao.com\/1\/wp-json\/wp\/v2\/posts\/186448\/revisions"}],"predecessor-version":[{"id":186461,"href":"https:\/\/www.caririemacao.com\/1\/wp-json\/wp\/v2\/posts\/186448\/revisions\/186461"}],"wp:featuredmedia":[{"embeddable":true,"href":"https:\/\/www.caririemacao.com\/1\/wp-json\/wp\/v2\/media\/186460"}],"wp:attachment":[{"href":"https:\/\/www.caririemacao.com\/1\/wp-json\/wp\/v2\/media?parent=186448"}],"wp:term":[{"taxonomy":"category","embeddable":true,"href":"https:\/\/www.caririemacao.com\/1\/wp-json\/wp\/v2\/categories?post=186448"},{"taxonomy":"post_tag","embeddable":true,"href":"https:\/\/www.caririemacao.com\/1\/wp-json\/wp\/v2\/tags?post=186448"}],"curies":[{"name":"wp","href":"https:\/\/api.w.org\/{rel}","templated":true}]}}