{"id":186450,"date":"2020-09-01T10:04:46","date_gmt":"2020-09-01T13:04:46","guid":{"rendered":"https:\/\/www.caririemacao.com\/1\/?p=186450"},"modified":"2020-09-01T10:04:46","modified_gmt":"2020-09-01T13:04:46","slug":"mesa-diretora-da-camara-discute-hoje-situacao-da-deputada-flordelis","status":"publish","type":"post","link":"https:\/\/www.caririemacao.com\/1\/2020\/09\/01\/mesa-diretora-da-camara-discute-hoje-situacao-da-deputada-flordelis\/","title":{"rendered":"Mesa Diretora da C\u00e2mara discute hoje situa\u00e7\u00e3o da deputada Flordelis"},"content":{"rendered":"\n<h2 class=\"wp-block-heading\"><\/h2>\n\n\n\n<p>A Mesa Diretora da C\u00e2mara dos Deputados se re\u00fane nesta ter\u00e7a-feira (1\u00ba), \u00e0s 9h30, em confer\u00eancia virtual, para definir internamente a situa\u00e7\u00e3o da deputada Flordelis (PSD-RJ), denunciada pelo homic\u00eddio de seu marido, pastor Anderson do Carmo. O crime foi no dia 16 de junho de 2019, quando ele chegou em casa, em Niter\u00f3i, sendo alvejado com v\u00e1rios tiros.<img decoding=\"async\" data-src=\"https:\/\/agenciabrasil.ebc.com.br\/ebc.png?id=1386612&amp;o=node\" src=\"data:image\/svg+xml;base64,PHN2ZyB3aWR0aD0iMSIgaGVpZ2h0PSIxIiB4bWxucz0iaHR0cDovL3d3dy53My5vcmcvMjAwMC9zdmciPjwvc3ZnPg==\" class=\"lazyload\"><img decoding=\"async\" data-src=\"https:\/\/agenciabrasil.ebc.com.br\/ebc.gif?id=1386612&amp;o=node\" src=\"data:image\/svg+xml;base64,PHN2ZyB3aWR0aD0iMSIgaGVpZ2h0PSIxIiB4bWxucz0iaHR0cDovL3d3dy53My5vcmcvMjAwMC9zdmciPjwvc3ZnPg==\" class=\"lazyload\"><\/p>\n\n\n\n<p>Os parlamentares decidir\u00e3o se o pedido de representa\u00e7\u00e3o &#8211; feito pelo deputado L\u00e9o Motta (PSL-MG) &#8211; contra a deputada ser\u00e1 enviado \u00e0 Corregedoria da Casa.<\/p>\n\n\n\n<p>Segundo o regimento interno da C\u00e2mara, den\u00fancia apresentada por um deputado contra outro \u00e9 enviada \u00e0 Corregedoria, por decis\u00e3o da Mesa Diretora.<\/p>\n\n\n\n<p>\u00c9 a Corregedoria quem faz a an\u00e1lise pr\u00e9via da acusa\u00e7\u00e3o, parecer que \u00e9 devolvido \u00e0 Mesa Diretora. Em caso de decis\u00e3o procedente, o caso segue para an\u00e1lise do Conselho de \u00c9tica.<\/p>\n\n\n\n<p>Em virtude da pandemia provocada pelo novo coronav\u00edrus, o colegiado est\u00e1 com atividades suspensas. Para que sejam realizadas reuni\u00f5es virtuais, o corregedor, deputado Paulo Bengtson (PTB-PA), apresentou um projeto que autoriza o Conselho de \u00c9tica a realizar sess\u00f5es pelo mesmo sistema utilizado nas vota\u00e7\u00f5es do plen\u00e1rio. O corregedor vai propor \u00e0 Mesa a vota\u00e7\u00e3o imediata da proposta.<\/p>\n\n\n\n<p>Se a Mesa Diretora encaminhar a representa\u00e7\u00e3o \u00e0 Corregedoria, o corregedor notificar\u00e1 a deputada para apresentar a defesa por escrito. Depois disso, ela tem cinco dias \u00fateis para se defender.<\/p>\n\n\n\n<p>A partir da\u00ed, o corregedor ter\u00e1 at\u00e9 45 dias \u00fateis para dizer \u00e0 mesa se a den\u00fancia tem ou n\u00e3o elementos que justifiquem a instaura\u00e7\u00e3o de processo por quebra de decoro parlamentar. Somente se a mesa aceitar a den\u00fancia \u00e9 que o requerimento vira uma representa\u00e7\u00e3o, quando ent\u00e3o ser\u00e1 encaminhada ao Conselho de \u00c9tica, que vai instaurar processo.<\/p>\n\n\n\n<h2 class=\"wp-block-heading\">PSD<\/h2>\n\n\n\n<p>O Partido Social Democr\u00e1tico (PSD) decidiu tomar as medidas cab\u00edveis para suspender a filia\u00e7\u00e3o da deputada federal. De acordo com o presidente do partido, Gilberto Kassab, a sigla vai adotar&nbsp;<a href=\"http:\/\/agenciabrasil.ebc.com.br\/geral\/noticia\/2020-08\/psd-suspende-filiacao-de-deputada-flordelis\" target=\"_blank\" rel=\"noreferrer noopener\">medidas internas para expulsar a deputada<\/a>&nbsp;de seus quadros.<\/p>\n\n\n\n<h2 class=\"wp-block-heading\">O caso<\/h2>\n\n\n\n<p>A deputada foi indiciada pelo crime de homic\u00eddio triplamente qualificado, tentativa de homic\u00eddio, falsidade ideol\u00f3gica, uso de documento falso e organiza\u00e7\u00e3o criminosa majorada.<\/p>\n\n\n\n<p>Segundo o delegado Allan Duarte, titular da Delegacia de Homic\u00eddios de Niter\u00f3i, S\u00e3o Gon\u00e7alo, Itabora\u00ed e Maric\u00e1 (DHNSGI), no Estado do Rio de Janeiro, na primeira fase da investiga\u00e7\u00e3o foi identificado como executor o filho biol\u00f3gico da deputada, Fl\u00e1vio dos Santos Rodrigues. O filho adotivo do casal, Lucas C\u00e9sar dos Santos, foi apontado como a pessoa que comprou a arma utilizada no assassinato.<\/p>\n\n\n\n<p>Na segunda fase da apura\u00e7\u00e3o, ainda segundo o delegado, novas provas e a\u00e7\u00f5es de intelig\u00eancia constataram que Flordelis foi a mandante do homic\u00eddio. A investiga\u00e7\u00e3o aponta como motiva\u00e7\u00e3o principal a disputa de poder entre o casal e a emancipa\u00e7\u00e3o financeira dela.<\/p>\n\n\n\n<h2 class=\"wp-block-heading\">Defesa<\/h2>\n\n\n\n<p>O advogado Anderson Rollemberg, que defende Flordelis, afirmou n\u00e3o h\u00e1 elementos que sustentem a&nbsp;<a href=\"http:\/\/agenciabrasil.ebc.com.br\/geral\/noticia\/2020-08\/defesa-da-deputada-flordelis-diz-n%C3%A3o-ha-elementos-para-denuncia\" target=\"_blank\" rel=\"noreferrer noopener\">den\u00fancia<\/a>&nbsp;contra ela. Para ele, as mensagens encontradas pela pol\u00edcia no celular da deputada n\u00e3o foram escritas por ela, mas sim por uma das filhas, que tinha acesso ao aparelho.<\/p>\n","protected":false},"excerpt":{"rendered":"<p>A Mesa Diretora da C\u00e2mara dos Deputados se re\u00fane nesta ter\u00e7a-feira (1\u00ba), \u00e0s 9h30, em confer\u00eancia virtual, para definir internamente a situa\u00e7\u00e3o da deputada Flordelis&hellip; <\/p>\n","protected":false},"author":2,"featured_media":185769,"comment_status":"closed","ping_status":"closed","sticky":false,"template":"","format":"standard","meta":{"sfsi_plus_gutenberg_text_before_share":"","sfsi_plus_gutenberg_show_text_before_share":"","sfsi_plus_gutenberg_icon_type":"","sfsi_plus_gutenberg_icon_alignemt":"","sfsi_plus_gutenburg_max_per_row":"","footnotes":""},"categories":[12],"tags":[],"class_list":["post-186450","post","type-post","status-publish","format-standard","has-post-thumbnail","hentry","category-policia"],"_links":{"self":[{"href":"https:\/\/www.caririemacao.com\/1\/wp-json\/wp\/v2\/posts\/186450","targetHints":{"allow":["GET"]}}],"collection":[{"href":"https:\/\/www.caririemacao.com\/1\/wp-json\/wp\/v2\/posts"}],"about":[{"href":"https:\/\/www.caririemacao.com\/1\/wp-json\/wp\/v2\/types\/post"}],"author":[{"embeddable":true,"href":"https:\/\/www.caririemacao.com\/1\/wp-json\/wp\/v2\/users\/2"}],"replies":[{"embeddable":true,"href":"https:\/\/www.caririemacao.com\/1\/wp-json\/wp\/v2\/comments?post=186450"}],"version-history":[{"count":1,"href":"https:\/\/www.caririemacao.com\/1\/wp-json\/wp\/v2\/posts\/186450\/revisions"}],"predecessor-version":[{"id":186451,"href":"https:\/\/www.caririemacao.com\/1\/wp-json\/wp\/v2\/posts\/186450\/revisions\/186451"}],"wp:featuredmedia":[{"embeddable":true,"href":"https:\/\/www.caririemacao.com\/1\/wp-json\/wp\/v2\/media\/185769"}],"wp:attachment":[{"href":"https:\/\/www.caririemacao.com\/1\/wp-json\/wp\/v2\/media?parent=186450"}],"wp:term":[{"taxonomy":"category","embeddable":true,"href":"https:\/\/www.caririemacao.com\/1\/wp-json\/wp\/v2\/categories?post=186450"},{"taxonomy":"post_tag","embeddable":true,"href":"https:\/\/www.caririemacao.com\/1\/wp-json\/wp\/v2\/tags?post=186450"}],"curies":[{"name":"wp","href":"https:\/\/api.w.org\/{rel}","templated":true}]}}