{"id":186454,"date":"2020-09-01T10:27:49","date_gmt":"2020-09-01T13:27:49","guid":{"rendered":"https:\/\/www.caririemacao.com\/1\/?p=186454"},"modified":"2020-09-01T10:27:49","modified_gmt":"2020-09-01T13:27:49","slug":"youtuber-de-83-anos-diz-que-gravar-videos-ajuda-a-enfrentar-a-quarentena-so-sinto-falta-do-boteco","status":"publish","type":"post","link":"https:\/\/www.caririemacao.com\/1\/2020\/09\/01\/youtuber-de-83-anos-diz-que-gravar-videos-ajuda-a-enfrentar-a-quarentena-so-sinto-falta-do-boteco\/","title":{"rendered":"Youtuber de 83 anos diz que gravar v\u00eddeos ajuda a enfrentar a quarentena: \u2018S\u00f3 sinto falta do boteco\u2019"},"content":{"rendered":"\n<figure class=\"wp-block-image\"><img decoding=\"async\" data-src=\"https:\/\/s2.glbimg.com\/6PQGvDqppg4CfTr_nVRPxdydt4I=\/0x0:1280x854\/984x0\/smart\/filters:strip_icc()\/i.s3.glbimg.com\/v1\/AUTH_59edd422c0c84a879bd37670ae4f538a\/internal_photos\/bs\/2020\/A\/8\/apLJQAQLOBEGyg47vTbA\/whatsapp-image-2020-08-24-at-21.24.34-copia-2-.jpeg\" alt=\"S\u00f4nia Bonetti, de 82 anos, foi uma das convidadas da live &quot;Agora \u00e9 Assim&quot;.  \u2014 Foto: Divulga\u00e7\u00e3o\" src=\"data:image\/svg+xml;base64,PHN2ZyB3aWR0aD0iMSIgaGVpZ2h0PSIxIiB4bWxucz0iaHR0cDovL3d3dy53My5vcmcvMjAwMC9zdmciPjwvc3ZnPg==\" class=\"lazyload\" \/><\/figure>\n\n\n\n<p>S\u00f4nia Bonetti, de 82 anos, foi uma das convidadas da live &#8220;Agora \u00e9 Assim&#8221;. \u2014 Foto: Divulga\u00e7\u00e3ohttps:\/\/tpc.googlesyndication.com\/safeframe\/1-0-37\/html\/container.html<\/p>\n\n\n\n<p>S\u00f4nia Bonetti, de 83 anos, fala sobre&nbsp;poliamor, casamento sem sexo, legaliza\u00e7\u00e3o de drogas, religi\u00e3o, depress\u00e3o\u2026&nbsp;Ela d\u00e1 conselhos aos seguidores do seu canal no Youtube, \u201cAv\u00f3s da Raz\u00e3o\u201d, ao lado de Helena, de 92 anos, e de Gilda, de 78. Gravar esses v\u00eddeos tem sido uma boa forma de&nbsp;ocupar o tempo (e a cabe\u00e7a) durante o isolamento social.<\/p>\n\n\n\n<p>\u201cTenho de estudar v\u00e1rios assuntos e ler muito para falar de temas atuais de forma franca e bem fundamentada, com conte\u00fado e com sinceridade\u201d, disse S\u00f4nia, durante\u00a0a live \u201cAgora \u00e9 Assim\u201d, do<strong>\u00a0G1<\/strong>. \u201cTer esse afazer \u00e9 muito importante para n\u00f3s. Moro sozinha, mas n\u00e3o me sinto solit\u00e1ria.\u201d<\/p>\n\n\n\n<p>O \u201cAv\u00f3s da Raz\u00e3o\u201d foi criado em novembro de 2018 e tem quase 50 mil inscritos. \u201cN\u00f3s fazemos um programa para responder d\u00favidas dos seguidores. Eles precisam de ajuda ou de inspira\u00e7\u00e3o\u201d, disse a youtuber. Os v\u00eddeos t\u00eam conselhos sem grandes filtros: as idosas falam palavr\u00e3o e opinam at\u00e9 sobre a vida sexual de quem as acompanha.<\/p>\n\n\n\n<h2 class=\"has-normal-font-size wp-block-heading\">S\u00f3 falta a cerveja do boteco<\/h2>\n\n\n\n<p>\u201cN\u00e3o sei por quantos anos vou viver, mas espero que sejam muitos. N\u00e3o fico pensando que estou perdendo tempo na pandemia. S\u00e3o seis meses muito chatos, que me tolhem, mas n\u00e3o me sinto lesada, n\u00e3o est\u00e3o roubando nada de mim\u201d, afirmou S\u00f4nia.<\/p>\n\n\n\n<blockquote class=\"wp-block-quote is-layout-flow wp-block-quote-is-layout-flow\"><p>\u201cEu ainda gosto de cozinhar, de fazer trabalho manual, sou leitora compulsiva. \u00c0s vezes, nem d\u00e1 tempo de ler o jornal, de t\u00e3o ocupada que fico. S\u00f3 estou impedida de fazer algo que adoro: sentar no boteco e tomar cerveja com as minhas amigas.\u201d<\/p><\/blockquote>\n\n\n\n<figure class=\"wp-block-image\"><img decoding=\"async\" data-src=\"https:\/\/s02.video.glbimg.com\/x240\/8820305.jpg\" alt=\"S\u00f4nia Bonetti conta como est\u00e1 sua rotina durante a quarentena\" title=\"S\u00f4nia Bonetti conta como est\u00e1 sua rotina durante a quarentena\" src=\"data:image\/svg+xml;base64,PHN2ZyB3aWR0aD0iMSIgaGVpZ2h0PSIxIiB4bWxucz0iaHR0cDovL3d3dy53My5vcmcvMjAwMC9zdmciPjwvc3ZnPg==\" class=\"lazyload\" \/><\/figure>\n\n\n\n<p>S\u00f4nia Bonetti conta como est\u00e1 sua rotina durante a quarentena<\/p>\n\n\n\n<p>Apesar de estar longe do bar, S\u00f4nia tem uma&nbsp;vida social agitada durante a quarentena. \u201cEstou sem sair de casa, mas gosto de conversar com os meus netos e bisnetos, fazer happy hour com os amigos, tudo isso pela internet, numa boa\u201d, disse. \u201cMinha fam\u00edlia \u00e9 muito alegre, fala muito, manda recado, festeja anivers\u00e1rio na quarentena, canta parab\u00e9ns, s\u00f3 que de longe. Mas tudo vai melhorar\u201d, completou.<\/p>\n\n\n\n<p>Ela d\u00e1 um conselho para quem quer envelhecer bem: cultivar as amizades.&nbsp;\u201cQuem \u00e9 fechado, s\u00f3 p\u00f5e defeito nos outros e critica as pessoas, n\u00e3o vai ter amigo. Precisa ser male\u00e1vel, aceitar as diferen\u00e7as. N\u00e3o \u00e9 porque \u00e9 amigo da gente que \u00e9 perfeito\u201d, contou.<\/p>\n\n\n\n<h2 class=\"has-normal-font-size wp-block-heading\">Namorado? \u2018N\u00e3o tenho grana para sustentar o boy\u2019<\/h2>\n\n\n\n<figure class=\"wp-block-image\"><img decoding=\"async\" data-src=\"https:\/\/s03.video.glbimg.com\/x240\/8820306.jpg\" alt=\"Aos 82 anos, S\u00f4nia Bonetti diz que prefere ficar solteira\" title=\"Aos 82 anos, S\u00f4nia Bonetti diz que prefere ficar solteira\" src=\"data:image\/svg+xml;base64,PHN2ZyB3aWR0aD0iMSIgaGVpZ2h0PSIxIiB4bWxucz0iaHR0cDovL3d3dy53My5vcmcvMjAwMC9zdmciPjwvc3ZnPg==\" class=\"lazyload\" \/><\/figure>\n\n\n\n<p>Aos 82 anos, S\u00f4nia Bonetti diz que prefere ficar solteirahttps:\/\/5b88dc696a4fa9933697ff87dcfb2498.safeframe.googlesyndication.com\/safeframe\/1-0-37\/html\/container.html<\/p>\n\n\n\n<p>S\u00f4nia engravidou aos 16 anos e foi morar com o marido em Limeira, no interior de S\u00e3o Paulo. Eles se mudaram para a capital paulista dois anos depois, j\u00e1 \u00e0 espera da segunda filha.<\/p>\n\n\n\n<p>Aos 33 anos, S\u00f4nia n\u00e3o estava feliz &#8211; e pediu para se separar.&nbsp;Logo, conheceu o segundo marido, com quem ficou at\u00e9 os 60 anos. Ele \u201cestava ficando um velho muito chato&#8221;, a\u00ed se divorciaram.<\/p>\n\n\n\n<p>Atualmente, ela est\u00e1 solteira e sem vontade de ter um companheiro. &#8220;J\u00e1 tenho minha vida social com os amigos e sou completamente independente. E n\u00e3o sou um bom partido. J\u00e1 viu velha ser bom partido? S\u00f3 se tiver grana para sustentar o boy\u201d, brincou.&nbsp;\u201cTer velho doente pra encher meu saco? Tamb\u00e9m n\u00e3o quero.\u201d<\/p>\n\n\n\n<h2 class=\"has-normal-font-size wp-block-heading\">A import\u00e2ncia do capital social<\/h2>\n\n\n\n<p>O infectologista Alexandre Kalache, presidente do Centro Internacional da Longevidade &#8211; Brasil, explicou que ter uma&nbsp;<strong>vida social&nbsp;<\/strong>\u00e9 important\u00edssimo para envelhecer bem.&nbsp;\u201cO ideal \u00e9 ter amigos com quem contar, al\u00e9m da fam\u00edlia\u201d, afirmou, durante a live do \u201cAgora \u00e9 Assim?\u201d.<\/p>\n\n\n\n<p>Ele ainda mencionou outros tr\u00eas elementos vitais:<\/p>\n\n\n\n<ul class=\"wp-block-list\"><li><strong>investir na sa\u00fade&nbsp;<\/strong>&#8211; \u201cQuanto mais cedo, melhor, mas nunca \u00e9 tarde. Precisamos nos cuidar.\u201d<\/li><li><strong>aprender a aprender<\/strong>&nbsp;&#8211; \u201cCom explos\u00e3o de tecnologia, o idoso precisa saber fazer uma transa\u00e7\u00e3o eletr\u00f4nica de um banco, por exemplo. Mas algu\u00e9m precisa ensin\u00e1-lo.\u201d<\/li><li><strong>reservar dinheiro<\/strong>&nbsp;&#8211; \u201cPrecisamos tentar chegar \u00e0 velhice com recursos a mais do que a aposentadoria.\u201d<\/li><\/ul>\n\n\n\n<figure class=\"wp-block-image\"><img decoding=\"async\" data-src=\"https:\/\/s03.video.glbimg.com\/x240\/8814150.jpg\" alt=\"&quot;Para envelhecer bem \u00e9 preciso acumular 4 capitais&quot; diz infectologista\" title=\"&quot;Para envelhecer bem \u00e9 preciso acumular 4 capitais&quot; diz infectologista\" src=\"data:image\/svg+xml;base64,PHN2ZyB3aWR0aD0iMSIgaGVpZ2h0PSIxIiB4bWxucz0iaHR0cDovL3d3dy53My5vcmcvMjAwMC9zdmciPjwvc3ZnPg==\" class=\"lazyload\" \/><\/figure>\n\n\n\n<p>&#8220;Para envelhecer bem \u00e9 preciso acumular 4 capitais&#8221; diz infectologista<\/p>\n","protected":false},"excerpt":{"rendered":"<p>S\u00f4nia Bonetti, de 82 anos, foi uma das convidadas da live &#8220;Agora \u00e9 Assim&#8221;. \u2014 Foto: Divulga\u00e7\u00e3ohttps:\/\/tpc.googlesyndication.com\/safeframe\/1-0-37\/html\/container.html S\u00f4nia Bonetti, de 83 anos, fala sobre&nbsp;poliamor, casamento&hellip; <\/p>\n","protected":false},"author":1,"featured_media":186458,"comment_status":"closed","ping_status":"closed","sticky":false,"template":"","format":"standard","meta":{"sfsi_plus_gutenberg_text_before_share":"","sfsi_plus_gutenberg_show_text_before_share":"","sfsi_plus_gutenberg_icon_type":"","sfsi_plus_gutenberg_icon_alignemt":"","sfsi_plus_gutenburg_max_per_row":"","footnotes":""},"categories":[2],"tags":[],"class_list":["post-186454","post","type-post","status-publish","format-standard","has-post-thumbnail","hentry","category-geral"],"_links":{"self":[{"href":"https:\/\/www.caririemacao.com\/1\/wp-json\/wp\/v2\/posts\/186454","targetHints":{"allow":["GET"]}}],"collection":[{"href":"https:\/\/www.caririemacao.com\/1\/wp-json\/wp\/v2\/posts"}],"about":[{"href":"https:\/\/www.caririemacao.com\/1\/wp-json\/wp\/v2\/types\/post"}],"author":[{"embeddable":true,"href":"https:\/\/www.caririemacao.com\/1\/wp-json\/wp\/v2\/users\/1"}],"replies":[{"embeddable":true,"href":"https:\/\/www.caririemacao.com\/1\/wp-json\/wp\/v2\/comments?post=186454"}],"version-history":[{"count":1,"href":"https:\/\/www.caririemacao.com\/1\/wp-json\/wp\/v2\/posts\/186454\/revisions"}],"predecessor-version":[{"id":186459,"href":"https:\/\/www.caririemacao.com\/1\/wp-json\/wp\/v2\/posts\/186454\/revisions\/186459"}],"wp:featuredmedia":[{"embeddable":true,"href":"https:\/\/www.caririemacao.com\/1\/wp-json\/wp\/v2\/media\/186458"}],"wp:attachment":[{"href":"https:\/\/www.caririemacao.com\/1\/wp-json\/wp\/v2\/media?parent=186454"}],"wp:term":[{"taxonomy":"category","embeddable":true,"href":"https:\/\/www.caririemacao.com\/1\/wp-json\/wp\/v2\/categories?post=186454"},{"taxonomy":"post_tag","embeddable":true,"href":"https:\/\/www.caririemacao.com\/1\/wp-json\/wp\/v2\/tags?post=186454"}],"curies":[{"name":"wp","href":"https:\/\/api.w.org\/{rel}","templated":true}]}}