{"id":186455,"date":"2020-09-01T10:34:34","date_gmt":"2020-09-01T13:34:34","guid":{"rendered":"https:\/\/www.caririemacao.com\/1\/?p=186455"},"modified":"2020-09-01T10:34:34","modified_gmt":"2020-09-01T13:34:34","slug":"pai-mae-e-filha-morrem-por-covid-19-em-intervalo-de-tres-dias-maior-tragedia-da-familia-diz-parente","status":"publish","type":"post","link":"https:\/\/www.caririemacao.com\/1\/2020\/09\/01\/pai-mae-e-filha-morrem-por-covid-19-em-intervalo-de-tres-dias-maior-tragedia-da-familia-diz-parente\/","title":{"rendered":"Pai, m\u00e3e e filha morrem por Covid-19 em intervalo de tr\u00eas dias: &#8216;Maior trag\u00e9dia da fam\u00edlia&#8217;, diz parente"},"content":{"rendered":"\n<p>Em apenas tr\u00eas dias, a fam\u00edlia de Ana Pires da Silva mudou tragicamente. Ela, que tem 72 anos, teve de enterrar tr\u00eas parentes em dias seguidos por causa do coronav\u00edrus. Dos quatro \u00f3bitos da pequena S\u00e3o Francisco (SP),\u00a0cidade de 3,7 mil habitantes, tr\u00eas s\u00e3o da fam\u00edlia dela. A cidade contabiliza, at\u00e9 segunda-feira (31), 54 casos.<\/p>\n\n\n\n<p>\u201cFoi a maior trag\u00e9dia da nossa fam\u00edlia, nunca mais ser\u00e1 a mesma. Foi uma trag\u00e9dia que n\u00e3o iremos esquecer. \u00c9 uma doen\u00e7a que destr\u00f3i a fam\u00edlia. Se contaminar pode levar v\u00e1rios da sua fam\u00edlia\u201d, afirma a aposentada em entrevista ao&nbsp;<strong>G1<\/strong>.<\/p>\n\n\n\n<p>Ana perdeu o irm\u00e3o Ant\u00f4nio Pires da Silva, de 81 anos, a cunhada Ana Ang\u00e9lica Ramos, de 78 anos, e a sobrinha Antonia Ang\u00e9lica Faez, de 58 anos. Ela acredita que a sobrinha que morreu contraiu a doen\u00e7a e acabou passando para os pais e uma irm\u00e3.<\/p>\n\n\n\n<p>\u201cEla era tesoureira na prefeitura. Antes de sentir os sintomas, ela passou para o pai, a m\u00e3e e a irm\u00e3. Eles n\u00e3o moram juntos, mas como a cidade \u00e9 pequena eles estavam sempre juntos\u201d, diz.<\/p>\n\n\n\n<p>Com os tr\u00eas infectados, eles procuraram a unidade b\u00e1sica de sa\u00fade de S\u00e3o Francisco e come\u00e7aram o tratamento em casa. Mas o quadro foi se agravando, como a falta de ar, febre alta e dor de cabe\u00e7a, afirma a parente. A quarta parente, irm\u00e3 de Antonia, teve sintomas mais leves e ficou em isolamento.<\/p>\n\n\n\n<p>J\u00e1 os tr\u00eas foram encaminhados para a Santa Casa de Jales (SP), onde permaneceram 30 dias na Unidade de S\u00edndrome Gripal, UTI e entuba\u00e7\u00e3o. Ana relata que a sobrinha Toninha, como era conhecida, sentiu os primeiros sintomas em julho e foi a primeira a ser internada, logo depois os pais.<\/p>\n\n\n\n<p>Contudo, a primeira morte foi da m\u00e3e dela, Ana Ang\u00e9lica, no dia 20 de agosto. No dia seguinte, Toninha n\u00e3o resistiu e acabou morrendo. No dia 22 quem n\u00e3o resistiu foi Antonio, que acabou sendo enterrado no dia seguinte.<\/p>\n\n\n\n<blockquote class=\"wp-block-quote is-layout-flow wp-block-quote-is-layout-flow\"><p>\u201cFoi uma tortura, um pesadelo que durou 30 dias. Da primeira interna\u00e7\u00e3o at\u00e9 o \u00faltimo que morreu foram 30 dias, os piores da minha fam\u00edlia. Por pouco foram quatro mortes, porque minha outra sobrinha tamb\u00e9m ficou muito mal, ficou isolada e n\u00e3o pode cuidar dos pais\u201d, afirma.<\/p><\/blockquote>\n\n\n\n<p>O casal, que era propriet\u00e1rio de uma ch\u00e1cara na cidade, n\u00e3o tinha comorbidade grave, apesar da idade. \u201cMeu irm\u00e3o tinha 81 anos, mas tirava leite de vaca, cuidava do gado, era ativo. Era muito forte. Minha cunhada no m\u00e1ximo tinha dores no joelho.\u201d<\/p>\n\n\n\n<p>Ana afirma que, como a cidade \u00e9 pequena, todos est\u00e3o dando apoio para os familiares. Mas afirma que a doen\u00e7a marcou para sempre ela e a fam\u00edlia.<\/p>\n\n\n\n<p>\u201cN\u00e3o imagin\u00e1vamos passar por momentos t\u00e3o tristes e dolorosos. A gente nunca acredita que vai acontecer com a gente, at\u00e9 acontecer. O importante \u00e9 ter f\u00e9 para continuar a vida, mesmo sem eles\u201d, afirma.<\/p>\n\n\n\n<p>COM G1<\/p>\n","protected":false},"excerpt":{"rendered":"<p>Em apenas tr\u00eas dias, a fam\u00edlia de Ana Pires da Silva mudou tragicamente. Ela, que tem 72 anos, teve de enterrar tr\u00eas parentes em dias&hellip; <\/p>\n","protected":false},"author":1,"featured_media":186462,"comment_status":"closed","ping_status":"closed","sticky":false,"template":"","format":"standard","meta":{"sfsi_plus_gutenberg_text_before_share":"","sfsi_plus_gutenberg_show_text_before_share":"","sfsi_plus_gutenberg_icon_type":"","sfsi_plus_gutenberg_icon_alignemt":"","sfsi_plus_gutenburg_max_per_row":"","footnotes":""},"categories":[2],"tags":[],"class_list":["post-186455","post","type-post","status-publish","format-standard","has-post-thumbnail","hentry","category-geral"],"_links":{"self":[{"href":"https:\/\/www.caririemacao.com\/1\/wp-json\/wp\/v2\/posts\/186455","targetHints":{"allow":["GET"]}}],"collection":[{"href":"https:\/\/www.caririemacao.com\/1\/wp-json\/wp\/v2\/posts"}],"about":[{"href":"https:\/\/www.caririemacao.com\/1\/wp-json\/wp\/v2\/types\/post"}],"author":[{"embeddable":true,"href":"https:\/\/www.caririemacao.com\/1\/wp-json\/wp\/v2\/users\/1"}],"replies":[{"embeddable":true,"href":"https:\/\/www.caririemacao.com\/1\/wp-json\/wp\/v2\/comments?post=186455"}],"version-history":[{"count":1,"href":"https:\/\/www.caririemacao.com\/1\/wp-json\/wp\/v2\/posts\/186455\/revisions"}],"predecessor-version":[{"id":186463,"href":"https:\/\/www.caririemacao.com\/1\/wp-json\/wp\/v2\/posts\/186455\/revisions\/186463"}],"wp:featuredmedia":[{"embeddable":true,"href":"https:\/\/www.caririemacao.com\/1\/wp-json\/wp\/v2\/media\/186462"}],"wp:attachment":[{"href":"https:\/\/www.caririemacao.com\/1\/wp-json\/wp\/v2\/media?parent=186455"}],"wp:term":[{"taxonomy":"category","embeddable":true,"href":"https:\/\/www.caririemacao.com\/1\/wp-json\/wp\/v2\/categories?post=186455"},{"taxonomy":"post_tag","embeddable":true,"href":"https:\/\/www.caririemacao.com\/1\/wp-json\/wp\/v2\/tags?post=186455"}],"curies":[{"name":"wp","href":"https:\/\/api.w.org\/{rel}","templated":true}]}}