{"id":186468,"date":"2020-09-01T13:55:40","date_gmt":"2020-09-01T16:55:40","guid":{"rendered":"https:\/\/www.caririemacao.com\/1\/?p=186468"},"modified":"2020-09-01T13:55:40","modified_gmt":"2020-09-01T16:55:40","slug":"prata-registra-segundo-obito-por-covid-19","status":"publish","type":"post","link":"https:\/\/www.caririemacao.com\/1\/2020\/09\/01\/prata-registra-segundo-obito-por-covid-19\/","title":{"rendered":"Prata registra segundo \u00f3bito por Covid-19"},"content":{"rendered":"\n<p>Ap\u00f3s confirmar o seu primeiro caso de \u00f3bito decorrente por Covid-19 no \u00faltimo s\u00e1bado(29), a prefeitura do munic\u00edpio da Prata, no Cariri paraibano, confirmou atrav\u00e9s da Secretaria Municipal de Sa\u00fade, o segundo \u00f3bito no munic\u00edpio nesta segunda-feira, dia 31 de agosto.<\/p>\n\n\n\n<p>O segundo caso de morte por Covid-19 no munic\u00edpio da Prata, trata-se de uma paciente de 73 anos de idade, sexo feminino, e residente na Prata. A mesma deu entrada ao Hospital Regional de Monteiro com quadro de infarto e testou positivo para Covid-19, chegando a \u00f3bito.<\/p>\n\n\n\n<p>Em contato com o portal De Olho no Cariri, a secret\u00e1ria Aparecida N\u00f3brega, falou que todas as medidas foram e est\u00e3o sendo tomadas e os familiares dos dois casos de \u00f3bitos do munic\u00edpio foram meramente testados, onde todos testaram negativo para o novo v\u00edrus.<\/p>\n\n\n\n<p>O munic\u00edpio da Prata atualmente se encontra com 08 casos confirmados, sendo que 06 casos j\u00e1 recuperados, estando agora com apenas 02 casos ativos e que segue sendo monitorados pela sa\u00fade municipal.<\/p>\n\n\n\n<p>A unidade municipal de sa\u00fade refor\u00e7a a import\u00e2ncia de toda popula\u00e7\u00e3o seguir as orienta\u00e7\u00f5es do distanciamento social, o uso de m\u00e1scaras, a higieniza\u00e7\u00e3o das m\u00e3os e objetos com \u00e1lcool 70% gel e demais medidas apresentadas pela Secretaria de Sa\u00fade.<\/p>\n\n\n\n<p>CL<\/p>\n","protected":false},"excerpt":{"rendered":"<p>Ap\u00f3s confirmar o seu primeiro caso de \u00f3bito decorrente por Covid-19 no \u00faltimo s\u00e1bado(29), a prefeitura do munic\u00edpio da Prata, no Cariri paraibano, confirmou atrav\u00e9s&hellip; <\/p>\n","protected":false},"author":2,"featured_media":180904,"comment_status":"closed","ping_status":"closed","sticky":false,"template":"","format":"standard","meta":{"sfsi_plus_gutenberg_text_before_share":"","sfsi_plus_gutenberg_show_text_before_share":"","sfsi_plus_gutenberg_icon_type":"","sfsi_plus_gutenberg_icon_alignemt":"","sfsi_plus_gutenburg_max_per_row":"","footnotes":""},"categories":[6,85],"tags":[],"class_list":["post-186468","post","type-post","status-publish","format-standard","has-post-thumbnail","hentry","category-cidades","category-prata"],"_links":{"self":[{"href":"https:\/\/www.caririemacao.com\/1\/wp-json\/wp\/v2\/posts\/186468","targetHints":{"allow":["GET"]}}],"collection":[{"href":"https:\/\/www.caririemacao.com\/1\/wp-json\/wp\/v2\/posts"}],"about":[{"href":"https:\/\/www.caririemacao.com\/1\/wp-json\/wp\/v2\/types\/post"}],"author":[{"embeddable":true,"href":"https:\/\/www.caririemacao.com\/1\/wp-json\/wp\/v2\/users\/2"}],"replies":[{"embeddable":true,"href":"https:\/\/www.caririemacao.com\/1\/wp-json\/wp\/v2\/comments?post=186468"}],"version-history":[{"count":1,"href":"https:\/\/www.caririemacao.com\/1\/wp-json\/wp\/v2\/posts\/186468\/revisions"}],"predecessor-version":[{"id":186469,"href":"https:\/\/www.caririemacao.com\/1\/wp-json\/wp\/v2\/posts\/186468\/revisions\/186469"}],"wp:featuredmedia":[{"embeddable":true,"href":"https:\/\/www.caririemacao.com\/1\/wp-json\/wp\/v2\/media\/180904"}],"wp:attachment":[{"href":"https:\/\/www.caririemacao.com\/1\/wp-json\/wp\/v2\/media?parent=186468"}],"wp:term":[{"taxonomy":"category","embeddable":true,"href":"https:\/\/www.caririemacao.com\/1\/wp-json\/wp\/v2\/categories?post=186468"},{"taxonomy":"post_tag","embeddable":true,"href":"https:\/\/www.caririemacao.com\/1\/wp-json\/wp\/v2\/tags?post=186468"}],"curies":[{"name":"wp","href":"https:\/\/api.w.org\/{rel}","templated":true}]}}