{"id":186476,"date":"2020-09-01T14:00:08","date_gmt":"2020-09-01T17:00:08","guid":{"rendered":"https:\/\/www.caririemacao.com\/1\/?p=186476"},"modified":"2020-09-01T14:00:08","modified_gmt":"2020-09-01T17:00:08","slug":"comeca-hoje-treinamento-de-mesarios-que-atuarao-nas-eleicoes","status":"publish","type":"post","link":"https:\/\/www.caririemacao.com\/1\/2020\/09\/01\/comeca-hoje-treinamento-de-mesarios-que-atuarao-nas-eleicoes\/","title":{"rendered":"Come\u00e7a hoje treinamento de mes\u00e1rios que atuar\u00e3o nas elei\u00e7\u00f5es"},"content":{"rendered":"\n<p>Come\u00e7a hoje (1\u00ba) o treinamento para os mes\u00e1rios que atuar\u00e3o nas elei\u00e7\u00f5es municipais deste ano. Em raz\u00e3o da pandemia de covid-19, a capacita\u00e7\u00e3o ser\u00e1, preferencialmente, a dist\u00e2ncia, por meio do Portal de Educa\u00e7\u00e3o a Dist\u00e2ncia do Tribunal Superior Eleitoral (TSE).<\/p>\n\n\n\n<p>Para participar do curso, o cidad\u00e3o precisa ter sido previamente convocado pelo cart\u00f3rio eleitoral e ter recebido, na sua carta de convoca\u00e7\u00e3o, as instru\u00e7\u00f5es para se inscrever no treinamento (local, data, turma e chave de inscri\u00e7\u00e3o). De acordo com o TSE, excepcionalmente, aqueles com impossibilidade de acesso \u00e0s plataformas digitais, problemas de conex\u00e3o com a internet e outras restri\u00e7\u00f5es poder\u00e3o receber treinamento presencial.<\/p>\n\n\n\n<p>Como em anos anteriores, os Correios s\u00e3o respons\u00e1veis pela entrega de uma parte das cartas de convoca\u00e7\u00e3o, em que constam a data e a modalidade do treinamento (presencial ou a dist\u00e2ncia), o per\u00edodo e o meio de acesso ao treinamento (Plataforma de Ensino a Dist\u00e2ncia ou via aplicativo). Para os mes\u00e1rios volunt\u00e1rios, desde que autorizado previamente, as convoca\u00e7\u00f5es poder\u00e3o ser enviadas por e-mail, WhastApp ou SMS.<\/p>\n\n\n\n<p>O TSE destacou que nenhum site est\u00e1 credenciado para oferecer a venda de curso aos mes\u00e1rios que v\u00e3o atuar nas elei\u00e7\u00f5es deste ano. \u201cTodos os mes\u00e1rios s\u00e3o treinados gratuitamente em plataforma digital oficial da Justi\u00e7a Eleitoral, e somente os cart\u00f3rios eleitorais s\u00e3o respons\u00e1veis por essa comunica\u00e7\u00e3o com os colaboradores\u201d, informou.<\/p>\n\n\n\n<p>A conclus\u00e3o do treinamento para o mes\u00e1rio que trabalhar nas elei\u00e7\u00f5es equivale a um dia de convoca\u00e7\u00e3o, ou seja, dois dias de folga. O certificado de conclus\u00e3o do treinamento somente ter\u00e1 validade para comprovar a convoca\u00e7\u00e3o pela Justi\u00e7a Eleitoral se estiver acompanhado de declara\u00e7\u00e3o ou certid\u00e3o emitida pelo cart\u00f3rio eleitoral.<\/p>\n\n\n\n<p>A declara\u00e7\u00e3o de dias trabalhados e de participa\u00e7\u00e3o em treinamento \u00e9 fornecida pelo cart\u00f3rio eleitoral ou pelo Portal do TSE, alguns dias depois de cada turno da elei\u00e7\u00e3o.<\/p>\n\n\n\n<p>Devido \u00e0 pandemia da covid-19, o Congresso Nacional aprovou emenda constitucional adiando o pleito para 15 de novembro, em primeiro turno, e o segundo turno para 29 de novembro. Originalmente, as elei\u00e7\u00f5es ocorrem no m\u00eas de outubro.<\/p>\n","protected":false},"excerpt":{"rendered":"<p>Come\u00e7a hoje (1\u00ba) o treinamento para os mes\u00e1rios que atuar\u00e3o nas elei\u00e7\u00f5es municipais deste ano. Em raz\u00e3o da pandemia de covid-19, a capacita\u00e7\u00e3o ser\u00e1, preferencialmente,&hellip; <\/p>\n","protected":false},"author":2,"featured_media":186336,"comment_status":"closed","ping_status":"closed","sticky":false,"template":"","format":"standard","meta":{"sfsi_plus_gutenberg_text_before_share":"","sfsi_plus_gutenberg_show_text_before_share":"","sfsi_plus_gutenberg_icon_type":"","sfsi_plus_gutenberg_icon_alignemt":"","sfsi_plus_gutenburg_max_per_row":"","footnotes":""},"categories":[2],"tags":[],"class_list":["post-186476","post","type-post","status-publish","format-standard","has-post-thumbnail","hentry","category-geral"],"_links":{"self":[{"href":"https:\/\/www.caririemacao.com\/1\/wp-json\/wp\/v2\/posts\/186476","targetHints":{"allow":["GET"]}}],"collection":[{"href":"https:\/\/www.caririemacao.com\/1\/wp-json\/wp\/v2\/posts"}],"about":[{"href":"https:\/\/www.caririemacao.com\/1\/wp-json\/wp\/v2\/types\/post"}],"author":[{"embeddable":true,"href":"https:\/\/www.caririemacao.com\/1\/wp-json\/wp\/v2\/users\/2"}],"replies":[{"embeddable":true,"href":"https:\/\/www.caririemacao.com\/1\/wp-json\/wp\/v2\/comments?post=186476"}],"version-history":[{"count":1,"href":"https:\/\/www.caririemacao.com\/1\/wp-json\/wp\/v2\/posts\/186476\/revisions"}],"predecessor-version":[{"id":186477,"href":"https:\/\/www.caririemacao.com\/1\/wp-json\/wp\/v2\/posts\/186476\/revisions\/186477"}],"wp:featuredmedia":[{"embeddable":true,"href":"https:\/\/www.caririemacao.com\/1\/wp-json\/wp\/v2\/media\/186336"}],"wp:attachment":[{"href":"https:\/\/www.caririemacao.com\/1\/wp-json\/wp\/v2\/media?parent=186476"}],"wp:term":[{"taxonomy":"category","embeddable":true,"href":"https:\/\/www.caririemacao.com\/1\/wp-json\/wp\/v2\/categories?post=186476"},{"taxonomy":"post_tag","embeddable":true,"href":"https:\/\/www.caririemacao.com\/1\/wp-json\/wp\/v2\/tags?post=186476"}],"curies":[{"name":"wp","href":"https:\/\/api.w.org\/{rel}","templated":true}]}}