{"id":186483,"date":"2020-09-01T14:05:03","date_gmt":"2020-09-01T17:05:03","guid":{"rendered":"https:\/\/www.caririemacao.com\/1\/?p=186483"},"modified":"2020-09-01T14:05:03","modified_gmt":"2020-09-01T17:05:03","slug":"joao-azevedo-autoriza-ordens-de-servico-para-obras-de-estradas-e-travessias-urbanas-que-irao-beneficiar-o-cariri-paraibano","status":"publish","type":"post","link":"https:\/\/www.caririemacao.com\/1\/2020\/09\/01\/joao-azevedo-autoriza-ordens-de-servico-para-obras-de-estradas-e-travessias-urbanas-que-irao-beneficiar-o-cariri-paraibano\/","title":{"rendered":"Jo\u00e3o Azev\u00eado autoriza ordens de servi\u00e7o para obras de estradas e travessias urbanas que ir\u00e3o beneficiar o Cariri paraibano"},"content":{"rendered":"\n<p>O governador Jo\u00e3o Azev\u00eado ir\u00e1 autorizar, em setembro, as ordens de servi\u00e7o para in\u00edcio das obras de constru\u00e7\u00e3o das estradas que ligam a comunidade Nazar\u00e9 a BR-230, em Pocinhos; a comunidade Malhada da Ro\u00e7a at\u00e9 o entrocamento da BR-412, em S\u00e3o Jo\u00e3o do Cariri; e a comunidade S\u00e3o Tom\u00e9 a PB-097, em Alagoa Nova.<\/p>\n\n\n\n<p>As a\u00e7\u00f5es representam um investimento de aproximadamente R$ 9,5 milh\u00f5es e asseguram a gera\u00e7\u00e3o de emprego e renda e a melhoria da qualidade de vida da popula\u00e7\u00e3o paraibana.<\/p>\n\n\n\n<p>Durante o programa semanal \u2018Fala, governador\u2019, transmitido em cadeia estadual pela R\u00e1dio Tabajara, o chefe do Executivo estadual anunciou que tamb\u00e9m ser\u00e3o dadas ordens de servi\u00e7o para as obras das travessias urbanas nos munic\u00edpios de Alagoa Grande, Dami\u00e3o, Logradouro, Barra de Santa Rosa, Coremas e S\u00e3o Mamede, bem como da requalifica\u00e7\u00e3o de ruas em Sousa. Os investimentos est\u00e3o programados para serem iniciados no pr\u00f3ximo m\u00eas.<\/p>\n\n\n\n<p>Al\u00e9m disso, o governador afirmou que as travessias urbanas de Concei\u00e7\u00e3o, Cuitegi, Ara\u00e7agi, Itabaiana, Aca\u00fa, Cubati, Juazeirinho, Lagoa de Dentro, Natuba, Uira\u00fana, Serra Branca e S\u00e3o Jo\u00e3o do Tigre est\u00e3o em fase de licita\u00e7\u00e3o e, em breve, ser\u00e3o anunciadas as ordens de servi\u00e7o para in\u00edcio das obras.<\/p>\n","protected":false},"excerpt":{"rendered":"<p>O governador Jo\u00e3o Azev\u00eado ir\u00e1 autorizar, em setembro, as ordens de servi\u00e7o para in\u00edcio das obras de constru\u00e7\u00e3o das estradas que ligam a comunidade Nazar\u00e9&hellip; <\/p>\n","protected":false},"author":2,"featured_media":185879,"comment_status":"closed","ping_status":"closed","sticky":false,"template":"","format":"standard","meta":{"sfsi_plus_gutenberg_text_before_share":"","sfsi_plus_gutenberg_show_text_before_share":"","sfsi_plus_gutenberg_icon_type":"","sfsi_plus_gutenberg_icon_alignemt":"","sfsi_plus_gutenburg_max_per_row":"","footnotes":""},"categories":[11],"tags":[],"class_list":["post-186483","post","type-post","status-publish","format-standard","has-post-thumbnail","hentry","category-politica"],"_links":{"self":[{"href":"https:\/\/www.caririemacao.com\/1\/wp-json\/wp\/v2\/posts\/186483","targetHints":{"allow":["GET"]}}],"collection":[{"href":"https:\/\/www.caririemacao.com\/1\/wp-json\/wp\/v2\/posts"}],"about":[{"href":"https:\/\/www.caririemacao.com\/1\/wp-json\/wp\/v2\/types\/post"}],"author":[{"embeddable":true,"href":"https:\/\/www.caririemacao.com\/1\/wp-json\/wp\/v2\/users\/2"}],"replies":[{"embeddable":true,"href":"https:\/\/www.caririemacao.com\/1\/wp-json\/wp\/v2\/comments?post=186483"}],"version-history":[{"count":1,"href":"https:\/\/www.caririemacao.com\/1\/wp-json\/wp\/v2\/posts\/186483\/revisions"}],"predecessor-version":[{"id":186484,"href":"https:\/\/www.caririemacao.com\/1\/wp-json\/wp\/v2\/posts\/186483\/revisions\/186484"}],"wp:featuredmedia":[{"embeddable":true,"href":"https:\/\/www.caririemacao.com\/1\/wp-json\/wp\/v2\/media\/185879"}],"wp:attachment":[{"href":"https:\/\/www.caririemacao.com\/1\/wp-json\/wp\/v2\/media?parent=186483"}],"wp:term":[{"taxonomy":"category","embeddable":true,"href":"https:\/\/www.caririemacao.com\/1\/wp-json\/wp\/v2\/categories?post=186483"},{"taxonomy":"post_tag","embeddable":true,"href":"https:\/\/www.caririemacao.com\/1\/wp-json\/wp\/v2\/tags?post=186483"}],"curies":[{"name":"wp","href":"https:\/\/api.w.org\/{rel}","templated":true}]}}