{"id":186491,"date":"2020-09-01T15:10:31","date_gmt":"2020-09-01T18:10:31","guid":{"rendered":"https:\/\/www.caririemacao.com\/1\/?p=186491"},"modified":"2020-09-01T15:10:31","modified_gmt":"2020-09-01T18:10:31","slug":"paulo-guedes-diz-que-tombo-de-97-do-pib-no-2o-trimestre-e-o-som-de-um-passado-distante","status":"publish","type":"post","link":"https:\/\/www.caririemacao.com\/1\/2020\/09\/01\/paulo-guedes-diz-que-tombo-de-97-do-pib-no-2o-trimestre-e-o-som-de-um-passado-distante\/","title":{"rendered":"Paulo Guedes diz que tombo de 9,7% do PIB no 2\u00ba trimestre \u00e9 o &#8216;som de um passado distante&#8217;"},"content":{"rendered":"\n<figure class=\"wp-block-image\"><img decoding=\"async\" data-src=\"https:\/\/s02.video.glbimg.com\/x240\/8821661.jpg\" alt=\"Recess\u00e3o econ\u00f4mica: PIB cai 9,7% no segundo trimestre\" title=\"Recess\u00e3o econ\u00f4mica: PIB cai 9,7% no segundo trimestre\" src=\"data:image\/svg+xml;base64,PHN2ZyB3aWR0aD0iMSIgaGVpZ2h0PSIxIiB4bWxucz0iaHR0cDovL3d3dy53My5vcmcvMjAwMC9zdmciPjwvc3ZnPg==\" class=\"lazyload\" \/><\/figure>\n\n\n\n<p>O ministro da Economia,\u00a0Paulo Gudes, afirmou nesta ter\u00e7a-feira (1\u00ba) que o\u00a0tombo de 9,7% do Produto Interno Bruto (PIB) no segundo trimestre\u00a0deste ano \u00e9 o &#8220;som de um passado distante&#8221;.<\/p>\n\n\n\n<p>O resultado do PIB do segundo trimestre foi divulgado mais cedo nesta ter\u00e7a pelo Instituto Brasileiro de Geografia e Estat\u00edstica (IBGE), e est\u00e1 relacionado aos efeitos da pandemia do novo coronav\u00edrus na economia.<\/p>\n\n\n\n<p>De acordo com o IBGE, foi a queda mais intensa desde que iniciaram-se os c\u00e1lculos do PIB trimestral, em 1996. At\u00e9 ent\u00e3o, o maior tombo j\u00e1 registrado no pa\u00eds tinha ocorrido no 4\u00ba trimestre de 2008 (-3,9%).<\/p>\n\n\n\n<p>&#8220;Como a luz das estrelas que vemos foram emitidas h\u00e1 milh\u00f5es de anos atr\u00e1s, o que voc\u00ea v\u00ea [no resultado do PIB] \u00e9 um registro do passado com esse som que ouvimos agora&#8221;, afirmou Guedes, durante audi\u00eancia p\u00fablica com senadores.<\/p>\n\n\n\n<p>&#8220;O Brasil j\u00e1 est\u00e1 voltando [a crescer]&#8221;, completou o ministro. De acordo com ele, dados mais recentes da economia apontam para uma retomada em forma de &#8220;V&#8221;, ou seja, mais r\u00e1pida, ap\u00f3s a forte queda gerada pelos efeitos da pandemia.<\/p>\n\n\n\n<figure class=\"wp-block-image\"><img decoding=\"async\" data-src=\"https:\/\/s2.glbimg.com\/QJfUSc0kdtkbuUiITmo6XEryylA=\/0x0:650x558\/984x0\/smart\/filters:strip_icc()\/i.s3.glbimg.com\/v1\/AUTH_59edd422c0c84a879bd37670ae4f538a\/internal_photos\/bs\/2020\/t\/5\/RKuKSsRoufE5BPhCBZKA\/vairacaopaises-pib-brasileiro-trimestre-setembro.png\" alt=\"Varia\u00e7\u00e3o do PIB dos pa\u00edses \u2014 Foto: Juliane Souza\/G1\" src=\"data:image\/svg+xml;base64,PHN2ZyB3aWR0aD0iMSIgaGVpZ2h0PSIxIiB4bWxucz0iaHR0cDovL3d3dy53My5vcmcvMjAwMC9zdmciPjwvc3ZnPg==\" class=\"lazyload\" \/><\/figure>\n\n\n\n<p>Varia\u00e7\u00e3o do PIB dos pa\u00edses \u2014 Foto: Juliane Souza\/G1https:\/\/tpc.googlesyndication.com\/safeframe\/1-0-37\/html\/container.html<\/p>\n\n\n\n<p>Segundo o ministro, os economistas est\u00e3o estimando uma queda do PIB, para esse ano fechado, em torno de 4% a 5%, bem menor do que o registrado no segundo trimestre. Ele acrescentou, por\u00e9m, que a crise n\u00e3o acabou e pediu a aprova\u00e7\u00e3o das reformas pelo Congresso Nacional.<\/p>\n\n\n\n<p>&#8220;Nosso Congresso continua trabalhando incessantemente. Aprovamos o saneamento. Semana que vem vamos para o g\u00e1s natural. O choque de energia barata, o setor el\u00e9trico, cabotagem, reforma tribut\u00e1ria. Come\u00e7ou a andar tamb\u00e9m. Vem a\u00ed a reforma administrativa, aprovada hoje pelo presidente, vem na c\u00e2mara na quinta-feira&#8221;, declarou Guedes.<\/p>\n\n\n\n<p>Mais cedo nesta ter\u00e7a, o presidente Jair Bolsonaro\u00a0anunciou que enviar\u00e1 a proposta do governo para a reforma administrativa na quinta ao Congresso.<\/p>\n\n\n\n<p>Para Guedes, a economia brasileira \u00e9 uma das que apresentam melhor rea\u00e7\u00e3o aos efeitos da pandemia do novo coronav\u00edrus. Ele pediu que despesas transit\u00f3rias, previstas para serem usadas no combate aos efeitos da pandemia, n\u00e3o sejam transformadas em permanentes, como, por exemplo, reajuste de servidores.<\/p>\n\n\n\n<p>&#8220;N\u00e3o podemos deixar [despesas provis\u00f3rias] virarem aumento de sal\u00e1rios do funcionalismo. Se virar, na mesma hora os juros futuros come\u00e7am a subir, e eles sinalizam o que vai acontecer amanh\u00e3. Hoje, estamos com juros de 2% ao ano, mas os juros futuros j\u00e1 est\u00e3o a 9%. Est\u00e3o achando que vamos nos perder no caminho, e que n\u00e3o teremos a disciplina de voltarmos ao caminho&#8221;, declarou.<\/p>\n\n\n\n<figure class=\"wp-block-image\"><img decoding=\"async\" data-src=\"https:\/\/s01.video.glbimg.com\/x240\/8821712.jpg\" alt=\"Miriam Leit\u00e3o: \u2018Queda do PIB j\u00e1 era esperada e a expectativa agora \u00e9 de melhoria\u2019\" title=\"Miriam Leit\u00e3o: \u2018Queda do PIB j\u00e1 era esperada e a expectativa agora \u00e9 de melhoria\u2019\" src=\"data:image\/svg+xml;base64,PHN2ZyB3aWR0aD0iMSIgaGVpZ2h0PSIxIiB4bWxucz0iaHR0cDovL3d3dy53My5vcmcvMjAwMC9zdmciPjwvc3ZnPg==\" class=\"lazyload\" \/><\/figure>\n\n\n\n<p>Miriam Leit\u00e3o: \u2018Queda do PIB j\u00e1 era esperada e a expectativa agora \u00e9 de melhoria\u2019<\/p>\n\n\n\n<h2 class=\"has-normal-font-size wp-block-heading\">Mour\u00e3o<\/h2>\n\n\n\n<p>O vice-presidente Hamilton Mour\u00e3o tamb\u00e9m apontou que a tend\u00eancia \u00e9 a queda do PIB ao final de 2020 ser menor do que o tombo de 9,7% registrado no segundo trimestre deste ano.<\/p>\n\n\n\n<p>&#8220;No final do ano, a expectativa \u00e9 que o PIB desse ano encolha na faixa de 4,5% a 5%. J\u00e1 se pensou que encolheria 9%, 10%. Vai ser bem menos do que isso&#8221;, disse.<\/p>\n\n\n\n<p>Segundo Mour\u00e3o, a queda &#8220;j\u00e1 estava na conta&#8221; em raz\u00e3o dos impactos da pandemia do novo coronav\u00edrus. Para ele, a tend\u00eancia \u00e9 de alta nos indicadores do segundo semestre.<\/p>\n\n\n\n<p>&#8220;Isso a\u00ed j\u00e1 estava na conta, n\u00e9. Agora, a gente sabe que no terceiro trimestre n\u00f3s vamos ter uma eleva\u00e7\u00e3o do PIB, uma previs\u00e3o de mais de 5% de se elevar&#8221;, declarou Mour\u00e3o.<\/p>\n\n\n\n<p>com g1<\/p>\n","protected":false},"excerpt":{"rendered":"<p>O ministro da Economia,\u00a0Paulo Gudes, afirmou nesta ter\u00e7a-feira (1\u00ba) que o\u00a0tombo de 9,7% do Produto Interno Bruto (PIB) no segundo trimestre\u00a0deste ano \u00e9 o &#8220;som&hellip; <\/p>\n","protected":false},"author":1,"featured_media":177070,"comment_status":"closed","ping_status":"closed","sticky":false,"template":"","format":"standard","meta":{"sfsi_plus_gutenberg_text_before_share":"","sfsi_plus_gutenberg_show_text_before_share":"","sfsi_plus_gutenberg_icon_type":"","sfsi_plus_gutenberg_icon_alignemt":"","sfsi_plus_gutenburg_max_per_row":"","footnotes":""},"categories":[2],"tags":[],"class_list":["post-186491","post","type-post","status-publish","format-standard","has-post-thumbnail","hentry","category-geral"],"_links":{"self":[{"href":"https:\/\/www.caririemacao.com\/1\/wp-json\/wp\/v2\/posts\/186491","targetHints":{"allow":["GET"]}}],"collection":[{"href":"https:\/\/www.caririemacao.com\/1\/wp-json\/wp\/v2\/posts"}],"about":[{"href":"https:\/\/www.caririemacao.com\/1\/wp-json\/wp\/v2\/types\/post"}],"author":[{"embeddable":true,"href":"https:\/\/www.caririemacao.com\/1\/wp-json\/wp\/v2\/users\/1"}],"replies":[{"embeddable":true,"href":"https:\/\/www.caririemacao.com\/1\/wp-json\/wp\/v2\/comments?post=186491"}],"version-history":[{"count":1,"href":"https:\/\/www.caririemacao.com\/1\/wp-json\/wp\/v2\/posts\/186491\/revisions"}],"predecessor-version":[{"id":186495,"href":"https:\/\/www.caririemacao.com\/1\/wp-json\/wp\/v2\/posts\/186491\/revisions\/186495"}],"wp:featuredmedia":[{"embeddable":true,"href":"https:\/\/www.caririemacao.com\/1\/wp-json\/wp\/v2\/media\/177070"}],"wp:attachment":[{"href":"https:\/\/www.caririemacao.com\/1\/wp-json\/wp\/v2\/media?parent=186491"}],"wp:term":[{"taxonomy":"category","embeddable":true,"href":"https:\/\/www.caririemacao.com\/1\/wp-json\/wp\/v2\/categories?post=186491"},{"taxonomy":"post_tag","embeddable":true,"href":"https:\/\/www.caririemacao.com\/1\/wp-json\/wp\/v2\/tags?post=186491"}],"curies":[{"name":"wp","href":"https:\/\/api.w.org\/{rel}","templated":true}]}}