{"id":186492,"date":"2020-09-01T15:09:45","date_gmt":"2020-09-01T18:09:45","guid":{"rendered":"https:\/\/www.caririemacao.com\/1\/?p=186492"},"modified":"2020-09-01T15:09:45","modified_gmt":"2020-09-01T18:09:45","slug":"bolsonaro-diz-que-encaminhara-na-quinta-proposta-de-reforma-administrativa-ao-congresso","status":"publish","type":"post","link":"https:\/\/www.caririemacao.com\/1\/2020\/09\/01\/bolsonaro-diz-que-encaminhara-na-quinta-proposta-de-reforma-administrativa-ao-congresso\/","title":{"rendered":"Bolsonaro diz que encaminhar\u00e1 na quinta proposta de reforma administrativa ao Congresso"},"content":{"rendered":"\n<p>O presidente\u00a0Jair Bolsonaro\u00a0anunciou que encaminhar\u00e1 na pr\u00f3xima quinta-feira (3) ao\u00a0Congresso Nacional\u00a0a proposta do governo para a reforma administrativa.<\/p>\n\n\n\n<p>Bolsonaro fez o an\u00fancio ap\u00f3s reuni\u00e3o na manh\u00e3 desta ter\u00e7a (1\u00ba), no Pal\u00e1cio do Planalto, com ministros e l\u00edderes do Congresso.<\/p>\n\n\n\n<p>Junto com o envio da reforma administrativa, o presidente tamb\u00e9m anunciou a\u00a0prorroga\u00e7\u00e3o do aux\u00edlio emergencial, pago a trabalhadores informais, por mais 4 meses\u00a0(setembro a dezembro) e no valor de R$ 300 por parcela.<\/p>\n\n\n\n<p>Tanto o presidente quanto os parlamentares presentes destacaram que as decis\u00f5es do governo e do Congresso v\u00e3o respeitar a responsabilidade fiscal. O l\u00edder do governo na C\u00e2mara, deputado Ricardo Barros (PP-PR), falou em compromisso para manter o teto de gastos.<\/p>\n\n\n\n<p>Bolsonaro frisou que a proposta do governo n\u00e3o afetar\u00e1 os atuais servidores p\u00fablicos, apenas aqueles que entrarem no governo ap\u00f3s a aprova\u00e7\u00e3o. Ele n\u00e3o deu detalhes sobre as mudan\u00e7as previstas no projeto.<\/p>\n\n\n\n<p>&#8220;Tomamos duas decis\u00f5es. A primeira \u00e9 encaminhar na quinta-feira a reforma administrativa. Que fique bem claro: n\u00e3o atingir\u00e1 nenhum dos atuais servidores. Ela se aplicar\u00e1 apenas aos futuros servidores concursados&#8221;, disse Bolsonaro.<\/p>\n\n\n\n<p>De acordo com o Blog do Valdo Cruz, o envio da reforma administrativa ao Congresso \u00e9 vit\u00f3ria do presidente da C\u00e2mara, Rodrigo Maia, e do ministro da Economia, Paulo Guedes.<\/p>\n\n\n\n<h2 class=\"has-normal-font-size wp-block-heading\">Hist\u00f3rico<\/h2>\n\n\n\n<p>Discutida desde a campanha eleitoral, a reforma administrativa \u00e9 elaborada desde o ano passado pelo governo.<\/p>\n\n\n\n<p>Em fevereiro desde ano,\u00a0Bolsonaro chegou a ensaiar o envio do projeto ao Congresso, por\u00e9m desistiu\u00a0e deixou a proposta para o ano que vem. Agora, o presidente mudou de ideia mais uma vez.<\/p>\n\n\n\n<p>Em agosto, o vice-presidente, Hamilton Mour\u00e3o, disse que a proposta de reforma administrativa do governo j\u00e1 estava pronta, mas que o envio dela ao Congresso\u00a0dependia de uma &#8220;decis\u00e3o pol\u00edtica&#8221; de Bolsonaro.<\/p>\n\n\n\n<p>A demora no envio do projeto\u00a0motivou o pedido de demiss\u00e3o de Paulo Uebel, que era secret\u00e1rio de Desburocratiza\u00e7\u00e3o, Gest\u00e3o e Governo Digital. Uebel trabalhou no projeto da reforma administrativa, mas deixou o governo no m\u00eas passado diante do impasse sobre o futuro da proposta.<\/p>\n\n\n\n<figure class=\"wp-block-image\"><img decoding=\"async\" data-src=\"https:\/\/s03.video.glbimg.com\/x240\/8331902.jpg\" alt=\"Julia Duailibi: proposta de reforma administrativa encontra menos resist\u00eancia no Congresso\" title=\"Julia Duailibi: proposta de reforma administrativa encontra menos resist\u00eancia no Congresso\" src=\"data:image\/svg+xml;base64,PHN2ZyB3aWR0aD0iMSIgaGVpZ2h0PSIxIiB4bWxucz0iaHR0cDovL3d3dy53My5vcmcvMjAwMC9zdmciPjwvc3ZnPg==\" class=\"lazyload\" \/><\/figure>\n\n\n\n<p>Julia Duailibi: proposta de reforma administrativa encontra menos resist\u00eancia no Congresso<\/p>\n\n\n\n<p>O ministro da Economia,\u00a0Paulo Guedes, que participou da reuni\u00e3o no Planalto e estava junto com o presidente no an\u00fancio, afirmou que o envio da proposta pelo governo sinaliza &#8220;a retomada das reformas&#8221;, e que o projeto &#8220;redefine a trajet\u00f3ria do servi\u00e7o p\u00fablico&#8221;.<\/p>\n\n\n\n<p>&#8220;A reforma administrativa \u00e9 importante. Como o presidente deixou claro desde o in\u00edcio, n\u00e3o atinge os direitos dos servidores p\u00fablicos atuais, mas redefine toda a trajet\u00f3ria do servi\u00e7o p\u00fablico para o futuro. Servi\u00e7o p\u00fablico de qualidade, com meritocracia, com concursos exigentes, promo\u00e7\u00e3o por m\u00e9rito&#8221;, disse Guedes.<\/p>\n\n\n\n<p>com g1 <\/p>\n","protected":false},"excerpt":{"rendered":"<p>O presidente\u00a0Jair Bolsonaro\u00a0anunciou que encaminhar\u00e1 na pr\u00f3xima quinta-feira (3) ao\u00a0Congresso Nacional\u00a0a proposta do governo para a reforma administrativa. Bolsonaro fez o an\u00fancio ap\u00f3s reuni\u00e3o na&hellip; <\/p>\n","protected":false},"author":1,"featured_media":186493,"comment_status":"closed","ping_status":"closed","sticky":false,"template":"","format":"standard","meta":{"sfsi_plus_gutenberg_text_before_share":"","sfsi_plus_gutenberg_show_text_before_share":"","sfsi_plus_gutenberg_icon_type":"","sfsi_plus_gutenberg_icon_alignemt":"","sfsi_plus_gutenburg_max_per_row":"","footnotes":""},"categories":[11,16],"tags":[],"class_list":["post-186492","post","type-post","status-publish","format-standard","has-post-thumbnail","hentry","category-politica","category-saude"],"_links":{"self":[{"href":"https:\/\/www.caririemacao.com\/1\/wp-json\/wp\/v2\/posts\/186492","targetHints":{"allow":["GET"]}}],"collection":[{"href":"https:\/\/www.caririemacao.com\/1\/wp-json\/wp\/v2\/posts"}],"about":[{"href":"https:\/\/www.caririemacao.com\/1\/wp-json\/wp\/v2\/types\/post"}],"author":[{"embeddable":true,"href":"https:\/\/www.caririemacao.com\/1\/wp-json\/wp\/v2\/users\/1"}],"replies":[{"embeddable":true,"href":"https:\/\/www.caririemacao.com\/1\/wp-json\/wp\/v2\/comments?post=186492"}],"version-history":[{"count":1,"href":"https:\/\/www.caririemacao.com\/1\/wp-json\/wp\/v2\/posts\/186492\/revisions"}],"predecessor-version":[{"id":186494,"href":"https:\/\/www.caririemacao.com\/1\/wp-json\/wp\/v2\/posts\/186492\/revisions\/186494"}],"wp:featuredmedia":[{"embeddable":true,"href":"https:\/\/www.caririemacao.com\/1\/wp-json\/wp\/v2\/media\/186493"}],"wp:attachment":[{"href":"https:\/\/www.caririemacao.com\/1\/wp-json\/wp\/v2\/media?parent=186492"}],"wp:term":[{"taxonomy":"category","embeddable":true,"href":"https:\/\/www.caririemacao.com\/1\/wp-json\/wp\/v2\/categories?post=186492"},{"taxonomy":"post_tag","embeddable":true,"href":"https:\/\/www.caririemacao.com\/1\/wp-json\/wp\/v2\/tags?post=186492"}],"curies":[{"name":"wp","href":"https:\/\/api.w.org\/{rel}","templated":true}]}}