{"id":186496,"date":"2020-09-01T15:29:30","date_gmt":"2020-09-01T18:29:30","guid":{"rendered":"https:\/\/www.caririemacao.com\/1\/?p=186496"},"modified":"2020-09-01T15:29:30","modified_gmt":"2020-09-01T18:29:30","slug":"falta-de-controle-do-coronavirus-e-incerteza-com-as-contas-publicas-podem-limitar-retomada","status":"publish","type":"post","link":"https:\/\/www.caririemacao.com\/1\/2020\/09\/01\/falta-de-controle-do-coronavirus-e-incerteza-com-as-contas-publicas-podem-limitar-retomada\/","title":{"rendered":"Falta de controle do coronav\u00edrus e incerteza com as contas p\u00fablicas podem limitar retomada"},"content":{"rendered":"\n<p>A falta de controle do coronav\u00edrus e o rumo das contas p\u00fablicas no Brasil podem se tornar um risco e limitar uma retomada mais consistente da atividade econ\u00f4mica do pa\u00eds &#8211; muito necess\u00e1ria depois que o\u00a0PIB registrou um tombo recorde de 9,7% no segundo trimestre, de acordo com os dados divulgados nesta ter\u00e7a-feira (1\u00ba) pelo IBGE.<\/p>\n\n\n\n<figure class=\"wp-block-image\"><img decoding=\"async\" data-src=\"https:\/\/s04.video.glbimg.com\/x240\/8819687.jpg\" alt=\"O caminho da recess\u00e3o: como o Brasil chegou \u00e0 queda hist\u00f3rica do PIB\" title=\"O caminho da recess\u00e3o: como o Brasil chegou \u00e0 queda hist\u00f3rica do PIB\" src=\"data:image\/svg+xml;base64,PHN2ZyB3aWR0aD0iMSIgaGVpZ2h0PSIxIiB4bWxucz0iaHR0cDovL3d3dy53My5vcmcvMjAwMC9zdmciPjwvc3ZnPg==\" class=\"lazyload\" \/><\/figure>\n\n\n\n<p>O caminho da recess\u00e3o: como o Brasil chegou \u00e0 queda hist\u00f3rica do PIB<\/p>\n\n\n\n<p>A expectativa \u00e9 que o pa\u00eds tenha retomado o crescimento neste terceiro trimestre. Mas o que os analistas dizem \u00e9 que&nbsp;um quadro mais controlado da pandemia e uma clareza sobre o rumo das contas p\u00fablicas poderiam resultar numa expans\u00e3o da atividade mais acelerada.<\/p>\n\n\n\n<p>Na pr\u00e1tica, a combina\u00e7\u00e3o de crise sanit\u00e1ria com uma eventual piora permanente da parte fiscal trazem uma grande incerteza para a economia brasileira, o que faz com que com os que consumidores gastem menos e as empresas segurem os investimentos.<\/p>\n\n\n\n<p>Em agosto, a medi\u00e7\u00e3o mensal do Instituto Brasileiro de Economia da Funda\u00e7\u00e3o Getulio Vargas (Ibre\/FGV) mostrou um n\u00edvel de incerteza bastante elevado no Brasil.<\/p>\n\n\n\n<p>O Indicador de Incerteza da Economia (IIE-Br) marcou 160,3 pontos. Embora tenha recuado nas quatro \u00faltimas medi\u00e7\u00f5es, ele segue em um patamar elevado. Em setembro de 2015, quando a economia brasileira perdeu o grau de investimento, o indicador marcou 136,8 pontos.<\/p>\n\n\n\n<figure class=\"wp-block-image\"><img decoding=\"async\" data-src=\"https:\/\/s2.glbimg.com\/-kMG1TQIJzlNxx6JC95Ql7ZFuzY=\/0x0:1240x840\/984x0\/smart\/filters:strip_icc()\/i.s3.glbimg.com\/v1\/AUTH_59edd422c0c84a879bd37670ae4f538a\/internal_photos\/bs\/2020\/C\/J\/Ys0vwbRBe7Dss1JpH5sA\/k6cho-incerteza-segue-elevada-no-brasil.png\" alt=\"Incerteza segue elevada no Brasil \u2014 Foto: Economia G1\" src=\"data:image\/svg+xml;base64,PHN2ZyB3aWR0aD0iMSIgaGVpZ2h0PSIxIiB4bWxucz0iaHR0cDovL3d3dy53My5vcmcvMjAwMC9zdmciPjwvc3ZnPg==\" class=\"lazyload\" \/><\/figure>\n\n\n\n<p>Incerteza segue elevada no Brasil \u2014 Foto: Economia G1<\/p>\n\n\n\n<p>&#8220;O n\u00edvel de incerteza chegou a bater em 200 pontos, agora est\u00e1 baixando, mas segue muito alto. A gente trabalha com uma queda bem gradual dessa incerteza e ela entra como um limitador (para o crescimento)&#8221;, diz economista e s\u00f3cia da consultoria Tend\u00eancias, Alessandra Ribeiro. Neste ano, ela avalia que toda essa incerteza vai colaborar para o Produto Interno Bruto (PIB) recuar cerca de 6%.<\/p>\n\n\n\n<p>O Brasil tem enfrentado uma dificuldade para conseguir superar a fase mais dura da pandemia de coronav\u00edrus. A m\u00e9dia m\u00f3vel de \u00f3bitos chegou a recuar nas \u00faltimas semanas, mas ainda est\u00e1 pr\u00f3xima de 1 mil casos por dia.<\/p>\n\n\n\n<p>Mesmo com n\u00fameros ainda t\u00e3o elevados, estados e munic\u00edpios t\u00eam avan\u00e7ado na retomada das atividades. Mas a flexibiliza\u00e7\u00e3o ainda n\u00e3o \u00e9 ampla e muitos servi\u00e7os seguem afetados.<\/p>\n\n\n\n<blockquote class=\"wp-block-quote is-layout-flow wp-block-quote-is-layout-flow\"><p>&#8220;Embora a gente tenha sa\u00eddo do olho do furac\u00e3o, ainda existem algumas limita\u00e7\u00f5es. O com\u00e9rcio n\u00e3o abre o tempo todo, as \u00e1reas de entretenimento est\u00e3o fechadas&#8221;, diz o s\u00f3cio e economista da Kair\u00f3s Capital, Andr\u00e9 Loes. &#8220;Muitas atividades ainda est\u00e3o sofrendo de forma parcial ou totalmente.&#8221;<\/p><\/blockquote>\n\n\n\n<p>H\u00e1 tamb\u00e9m uma postura mais conservadoras das fam\u00edlias nesse momento de incerteza, com o aumento da chamada poupan\u00e7a precaucional, sem saber se a economia sofrer\u00e1 um novo baque por causa da doen\u00e7a.<\/p>\n\n\n\n<p>&#8220;Todo mundo trabalha no conservadorismo, dado o n\u00edvel de incerteza alto. E o n\u00edvel de incerteza est\u00e1 ligado a quando a gente vai voltar para a verdadeira normalidade e quanto tempo o governo vai ser capaz de suportar todos os est\u00edmulos&#8221;, diz Andr\u00e9.<\/p>\n\n\n\n<p>A preocupa\u00e7\u00e3o com a doen\u00e7a n\u00e3o \u00e9 apenas local. Na Europa, por exemplo, alguns pa\u00edses voltaram a apresentar um crescimento na quantidade de casos de coronav\u00edrus e estudam casos de reinfec\u00e7\u00e3o por coronav\u00edrus.<\/p>\n\n\n\n<figure class=\"wp-block-image\"><img decoding=\"async\" data-src=\"https:\/\/s01.video.glbimg.com\/x240\/8800412.jpg\" alt=\"Casos de Covid-19 avan\u00e7am na Europa\" title=\"Casos de Covid-19 avan\u00e7am na Europa\" src=\"data:image\/svg+xml;base64,PHN2ZyB3aWR0aD0iMSIgaGVpZ2h0PSIxIiB4bWxucz0iaHR0cDovL3d3dy53My5vcmcvMjAwMC9zdmciPjwvc3ZnPg==\" class=\"lazyload\" \/><\/figure>\n\n\n\n<p>Casos de Covid-19 avan\u00e7am na Europa<\/p>\n\n\n\n<h2 class=\"has-normal-font-size wp-block-heading\">Preocupa\u00e7\u00e3o fiscal<\/h2>\n\n\n\n<p>As medidas adotadas pelo governo para mitigar os impactos da pandemia de coronav\u00edrus levaram a outro tipo de preocupa\u00e7\u00e3o: com o futuro das contas p\u00fablicas do Brasil.<\/p>\n\n\n\n<p>O Brasil j\u00e1 entrou na crise sanit\u00e1ria com um endividamento bastante elevado para uma economia de porte emergente. Uma eventual piora fiscal que se arraste para o pr\u00f3ximo ano pode levar a um aumento da percep\u00e7\u00e3o de risco dos investidores sobre o pa\u00eds. Se esse cen\u00e1rio se materializar, h\u00e1 o risco de uma fuga de capitais com desdobramentos no aumento da infla\u00e7\u00e3o e juros, inviabilizando uma melhora da atividade.<\/p>\n\n\n\n<p>O Aux\u00edlio Emergencial de R$ 600, por exemplo, ajudou a mitigar o impacto da crise econ\u00f4mica provocada pela pandemia no or\u00e7amento das fam\u00edlias, mas \u00e9 um programa que custa caro. O governo j\u00e1 indicou que deve manter o pagamento do aux\u00edlio at\u00e9 o fim do ano, mas por um valor menor.<\/p>\n\n\n\n<p>&#8220;A gente colocou na economia um volume muito grande de recursos. O custo do Aux\u00edlio Emergencial \u00e9 quase de 1% do PIB por m\u00eas. \u00c9 muito dinheiro\u201d, afirma o economista-chefe BNP Paribas no Brasil, Gustavo Arruda. \u201cFoi necess\u00e1rio por um tempo, mas \u00e9 imposs\u00edvel mant\u00ea-lo porque \u00e9 muito caro.\u201d<\/p>\n\n\n\n<p>Em 2020, de acordo com dados do banco BNP Paribas, a rela\u00e7\u00e3o entre a d\u00edvida e o Produto Interno Bruto (PIB) deve superar o patamar de 95% neste ano. Em 2019, o endividamento do Brasil foi de 75,8%.<\/p>\n\n\n\n<p>Um dos pontos mais observados pelos investidores \u00e9 se o governo vai conseguir cumprir o\u00a0teto de gastos\u00a0&#8211; que determina que os gastos p\u00fablicos s\u00f3 podem aumentar de acordo com a infla\u00e7\u00e3o do ano anterior. Segundo os analistas, o teto tem funcionado como um \u00e2ncora fiscal para o pa\u00eds, o que ajuda a trazer uma previsibilidade para as constas p\u00fablicas<\/p>\n\n\n\n<blockquote class=\"wp-block-quote is-layout-flow wp-block-quote-is-layout-flow\"><p>\u201cPode parecer que n\u00e3o \u00e9 l\u00f3gico, mas a recupera\u00e7\u00e3o mais forte vir\u00e1 de um cen\u00e1rio em que gasto fiscal fique concentrado neste ano\u201d, diz Arruda. &#8220;Se houver uma d\u00favida se o governo vai ter capacidade de estabilizar a d\u00edvida no ano que vem, a pergunta seguinte \u00e9 quem vai pagar essa conta: vai ser aumento de imposto ou deixar a infla\u00e7\u00e3o subir para pagar esta d\u00edvida.&#8221;<\/p><\/blockquote>\n\n\n\n<p>Na leitura do mercado, o governo tem dado sinais d\u00fabios sobre a quest\u00e3o fiscal. O presidente Jair Bolsonaro chegou a afirmar que havia\u00a0uma discuss\u00e3o para furar o teto de gastos.<\/p>\n\n\n\n<figure class=\"wp-block-image\"><img decoding=\"async\" data-src=\"https:\/\/s01.video.glbimg.com\/x240\/8775840.jpg\" alt=\"Bolsonaro: \u2018Debate sobre furar o teto de gastos existe no governo, qual o problema?\u2019\" title=\"Bolsonaro: \u2018Debate sobre furar o teto de gastos existe no governo, qual o problema?\u2019\" src=\"data:image\/svg+xml;base64,PHN2ZyB3aWR0aD0iMSIgaGVpZ2h0PSIxIiB4bWxucz0iaHR0cDovL3d3dy53My5vcmcvMjAwMC9zdmciPjwvc3ZnPg==\" class=\"lazyload\" \/><\/figure>\n\n\n\n<p>Bolsonaro: \u2018Debate sobre furar o teto de gastos existe no governo, qual o problema?\u2019<\/p>\n\n\n\n<p>Bolsonaro tamb\u00e9m\u00a0rejeitou a proposta da equipe econ\u00f4mica para a cria\u00e7\u00e3o do programa Renda Brasil, que deve substituir o Bolsa Fam\u00edlia. O ministro da Economia, Paulo Guedes, defendia um benef\u00edcio de R$ 250, mas Bolsonaro indicou que quer um valor maior.<\/p>\n\n\n\n<p>A sinaliza\u00e7\u00e3o provocou turbul\u00eancia no mercado financeiro. Na quarta-feira (26),\u00a0o d\u00f3lar subiu 1,62%, a R$ 5,6164. Foi o maior patamar de fechamento desde 20 de maio (R$ 5,6875).<\/p>\n\n\n\n<blockquote class=\"wp-block-quote is-layout-flow wp-block-quote-is-layout-flow\"><p>&#8220;O Renda Brasil veio para ficar, mas a quest\u00e3o \u00e9 que o coberto \u00e9 muito curto&#8221;, diz Alessandra. &#8220;Se o governo afrouxar o fiscal, o cen\u00e1rio fica muito adverso.&#8221;<\/p><\/blockquote>\n\n\n\n<figure class=\"wp-block-image\"><img decoding=\"async\" data-src=\"https:\/\/s02.video.glbimg.com\/x240\/8806721.jpg\" alt=\"Bolsonaro diz que a proposta atual do Renda Brasil est\u00e1 suspensa\" title=\"Bolsonaro diz que a proposta atual do Renda Brasil est\u00e1 suspensa\" src=\"data:image\/svg+xml;base64,PHN2ZyB3aWR0aD0iMSIgaGVpZ2h0PSIxIiB4bWxucz0iaHR0cDovL3d3dy53My5vcmcvMjAwMC9zdmciPjwvc3ZnPg==\" class=\"lazyload\" \/><\/figure>\n\n\n\n<p>Bolsonaro diz que a proposta atual do Renda Brasil est\u00e1 suspensa<\/p>\n\n\n\n<p>com g1<\/p>\n","protected":false},"excerpt":{"rendered":"<p>A falta de controle do coronav\u00edrus e o rumo das contas p\u00fablicas no Brasil podem se tornar um risco e limitar uma retomada mais consistente&hellip; <\/p>\n","protected":false},"author":1,"featured_media":176356,"comment_status":"closed","ping_status":"closed","sticky":false,"template":"","format":"standard","meta":{"sfsi_plus_gutenberg_text_before_share":"","sfsi_plus_gutenberg_show_text_before_share":"","sfsi_plus_gutenberg_icon_type":"","sfsi_plus_gutenberg_icon_alignemt":"","sfsi_plus_gutenburg_max_per_row":"","footnotes":""},"categories":[2],"tags":[],"class_list":["post-186496","post","type-post","status-publish","format-standard","has-post-thumbnail","hentry","category-geral"],"_links":{"self":[{"href":"https:\/\/www.caririemacao.com\/1\/wp-json\/wp\/v2\/posts\/186496","targetHints":{"allow":["GET"]}}],"collection":[{"href":"https:\/\/www.caririemacao.com\/1\/wp-json\/wp\/v2\/posts"}],"about":[{"href":"https:\/\/www.caririemacao.com\/1\/wp-json\/wp\/v2\/types\/post"}],"author":[{"embeddable":true,"href":"https:\/\/www.caririemacao.com\/1\/wp-json\/wp\/v2\/users\/1"}],"replies":[{"embeddable":true,"href":"https:\/\/www.caririemacao.com\/1\/wp-json\/wp\/v2\/comments?post=186496"}],"version-history":[{"count":1,"href":"https:\/\/www.caririemacao.com\/1\/wp-json\/wp\/v2\/posts\/186496\/revisions"}],"predecessor-version":[{"id":186498,"href":"https:\/\/www.caririemacao.com\/1\/wp-json\/wp\/v2\/posts\/186496\/revisions\/186498"}],"wp:featuredmedia":[{"embeddable":true,"href":"https:\/\/www.caririemacao.com\/1\/wp-json\/wp\/v2\/media\/176356"}],"wp:attachment":[{"href":"https:\/\/www.caririemacao.com\/1\/wp-json\/wp\/v2\/media?parent=186496"}],"wp:term":[{"taxonomy":"category","embeddable":true,"href":"https:\/\/www.caririemacao.com\/1\/wp-json\/wp\/v2\/categories?post=186496"},{"taxonomy":"post_tag","embeddable":true,"href":"https:\/\/www.caririemacao.com\/1\/wp-json\/wp\/v2\/tags?post=186496"}],"curies":[{"name":"wp","href":"https:\/\/api.w.org\/{rel}","templated":true}]}}