{"id":186606,"date":"2020-09-02T09:00:20","date_gmt":"2020-09-02T12:00:20","guid":{"rendered":"https:\/\/www.caririemacao.com\/1\/?p=186606"},"modified":"2020-09-02T09:00:20","modified_gmt":"2020-09-02T12:00:20","slug":"monteiro-tem-03-novos-casos-e-26-pacientes-recuperados-de-covid-19","status":"publish","type":"post","link":"https:\/\/www.caririemacao.com\/1\/2020\/09\/02\/monteiro-tem-03-novos-casos-e-26-pacientes-recuperados-de-covid-19\/","title":{"rendered":"Monteiro tem 03 novos casos e 26 pacientes recuperados de Covid-19"},"content":{"rendered":"\n<h1 class=\"wp-block-heading\"><\/h1>\n\n\n\n<p>A Secretaria Municipal de Sa\u00fade de Monteiro informa que nesta ter\u00e7a-feira (01), tivemos mais 03 novos casos CONFIRMADOS para Covid-19.<\/p>\n\n\n\n<p>Sendo 02 (dois) casos 20, 45 anos, sexo feminino e 01 (um) caso 29 anos, sexo masculino. Est\u00e1 sendo monitorados pela equipe de Vigil\u00e2ncia em Sa\u00fade e Unidades B\u00e1sicas de Sa\u00fade do Munic\u00edpio, em isolamento domiciliar. Totalizamos nesta data: 02 paciente no Hospital Pedro I em Campina Grande. Permanecem est\u00e1veis.<\/p>\n\n\n\n<p>Atestamos que nesta data foram registrados mais 26 casos RECUPERADOS, totalizando, 499 casos recuperados da COVID 19.<\/p>\n\n\n\n<p>Nota Informativa Atualizada em 01\/09\/2020<\/p>\n","protected":false},"excerpt":{"rendered":"<p>A Secretaria Municipal de Sa\u00fade de Monteiro informa que nesta ter\u00e7a-feira (01), tivemos mais 03 novos casos CONFIRMADOS para Covid-19. Sendo 02 (dois) casos 20,&hellip; <\/p>\n","protected":false},"author":2,"featured_media":186607,"comment_status":"closed","ping_status":"closed","sticky":false,"template":"","format":"standard","meta":{"sfsi_plus_gutenberg_text_before_share":"","sfsi_plus_gutenberg_show_text_before_share":"","sfsi_plus_gutenberg_icon_type":"","sfsi_plus_gutenberg_icon_alignemt":"","sfsi_plus_gutenburg_max_per_row":"","footnotes":""},"categories":[50,2],"tags":[],"class_list":["post-186606","post","type-post","status-publish","format-standard","has-post-thumbnail","hentry","category-destaque","category-geral"],"_links":{"self":[{"href":"https:\/\/www.caririemacao.com\/1\/wp-json\/wp\/v2\/posts\/186606","targetHints":{"allow":["GET"]}}],"collection":[{"href":"https:\/\/www.caririemacao.com\/1\/wp-json\/wp\/v2\/posts"}],"about":[{"href":"https:\/\/www.caririemacao.com\/1\/wp-json\/wp\/v2\/types\/post"}],"author":[{"embeddable":true,"href":"https:\/\/www.caririemacao.com\/1\/wp-json\/wp\/v2\/users\/2"}],"replies":[{"embeddable":true,"href":"https:\/\/www.caririemacao.com\/1\/wp-json\/wp\/v2\/comments?post=186606"}],"version-history":[{"count":1,"href":"https:\/\/www.caririemacao.com\/1\/wp-json\/wp\/v2\/posts\/186606\/revisions"}],"predecessor-version":[{"id":186608,"href":"https:\/\/www.caririemacao.com\/1\/wp-json\/wp\/v2\/posts\/186606\/revisions\/186608"}],"wp:featuredmedia":[{"embeddable":true,"href":"https:\/\/www.caririemacao.com\/1\/wp-json\/wp\/v2\/media\/186607"}],"wp:attachment":[{"href":"https:\/\/www.caririemacao.com\/1\/wp-json\/wp\/v2\/media?parent=186606"}],"wp:term":[{"taxonomy":"category","embeddable":true,"href":"https:\/\/www.caririemacao.com\/1\/wp-json\/wp\/v2\/categories?post=186606"},{"taxonomy":"post_tag","embeddable":true,"href":"https:\/\/www.caririemacao.com\/1\/wp-json\/wp\/v2\/tags?post=186606"}],"curies":[{"name":"wp","href":"https:\/\/api.w.org\/{rel}","templated":true}]}}