{"id":186610,"date":"2020-09-02T09:04:57","date_gmt":"2020-09-02T12:04:57","guid":{"rendered":"https:\/\/www.caririemacao.com\/1\/?p=186610"},"modified":"2020-09-02T09:04:57","modified_gmt":"2020-09-02T12:04:57","slug":"bolsonaro-chora-durante-homenagem-a-pinto-do-acordeon-no-palacio-do-planalto","status":"publish","type":"post","link":"https:\/\/www.caririemacao.com\/1\/2020\/09\/02\/bolsonaro-chora-durante-homenagem-a-pinto-do-acordeon-no-palacio-do-planalto\/","title":{"rendered":"Bolsonaro chora durante homenagem a Pinto do Acordeon no Pal\u00e1cio do Planalto"},"content":{"rendered":"\n<h3 class=\"wp-block-heading\"><\/h3>\n\n\n\n<hr class=\"wp-block-separator\"\/>\n\n\n\n<p>O&nbsp;presidente Jair Bolsonaro&nbsp;homenageou nesta ter\u00e7a-feira (1\u00ba) o m\u00fasico paraibano&nbsp;<a href=\"https:\/\/wscom.com.br\/bolsonaro-homenageia-nesta-terca-pinto-do-acordeon-musico-paraibano-se-torna-patrimonio-cultural-do-brasil\/\" target=\"_blank\" rel=\"noreferrer noopener\">Pinto do Acordeon<\/a>, em cerim\u00f4nia no Pal\u00e1cio do Planalto, em Bras\u00edlia. O cantor e compositor faleceu no \u00faltimo m\u00eas de julho, v\u00edtima de c\u00e2ncer, aos 72 anos.<\/p>\n\n\n\n<p>Bolsonaro se emocionou durante a cerim\u00f4nia. Com a voz embargada, ele falou sobre a sua campanha e facada que levou antes do pleito eleitoral.<\/p>\n\n\n\n<p>\u201cJamais esperava isso aqui, jamais esperava ser capit\u00e3o do ex\u00e9rcito. (\u2026) Jamais esperava ser vereador do Rio de Janeiro. De repente estou na situa\u00e7\u00e3o m\u00e1xima do poder executivo. Tenho plena consci\u00eancia da responsabilidade e daquilo que eu tenho que sacrificar porque eu quero, assim como o Pinto do Acordeon, ser lembrado deixando na hist\u00f3ria onde se possa dizer: valeu a pena.\u201d, disse.<\/p>\n\n\n\n<p>Al\u00e9m do presidente, participaram da homenagem a primeira-dama, Michelle Bolsonaro, o ministro do Turismo, Marcelo \u00c1lvaro Ant\u00f4nio, o secret\u00e1rio especial da Cultura, M\u00e1rio Frias,&nbsp; parlamentares paraibanos e a fam\u00edlia de Pinto do Acordeon.<\/p>\n\n\n\n<p>Veja registros da homenagem:Tocador de v\u00eddeo<video width=\"600\" height=\"1067\" preload=\"metadata\" src=\"https:\/\/wscom.com.br\/wp-content\/uploads\/2020\/09\/cicinholimaoficial_75452448_797069467707851_6007831307304727223_n.mp4?_=1\"><\/video>00:0000:15<\/p>\n\n\n\n<figure class=\"wp-block-embed-youtube wp-block-embed is-type-rich is-provider-incorporar-manipulador\"><div class=\"wp-block-embed__wrapper\">\n<div class=\"ose-youtube ose-uid-e63885fbae54279e8dfb428390fa39f7 ose-embedpress-responsive\" style=\"width:600px; height:550px; max-height:550px; max-width:100%; display:inline-block;\" data-embed-type=\"Youtube\"><iframe allowFullScreen=\"true\" title=\"Homenagem P\u00f3stuma ao m\u00fasico Pinto do Acordeon\" width=\"600\" height=\"550\" data-src=\"https:\/\/www.youtube.com\/embed\/QtsC-mMMUH0?feature=oembed&color=red&rel=0&controls=1&start=&end=&fs=0&iv_load_policy=0&autoplay=0&mute=0&modestbranding=0&cc_load_policy=1&playsinline=1\" frameborder=\"0\" allow=\"accelerometer; encrypted-media;accelerometer;autoplay;clipboard-write;gyroscope;picture-in-picture clipboard-write; encrypted-media; gyroscope; picture-in-picture; web-share\" referrerpolicy=\"strict-origin-when-cross-origin\" allowfullscreen src=\"data:image\/svg+xml;base64,PHN2ZyB3aWR0aD0iMSIgaGVpZ2h0PSIxIiB4bWxucz0iaHR0cDovL3d3dy53My5vcmcvMjAwMC9zdmciPjwvc3ZnPg==\" class=\"lazyload\" data-load-mode=\"1\"><\/iframe><\/div>\n<\/div><\/figure>\n","protected":false},"excerpt":{"rendered":"<p>O&nbsp;presidente Jair Bolsonaro&nbsp;homenageou nesta ter\u00e7a-feira (1\u00ba) o m\u00fasico paraibano&nbsp;Pinto do Acordeon, em cerim\u00f4nia no Pal\u00e1cio do Planalto, em Bras\u00edlia. O cantor e compositor faleceu no&hellip; <\/p>\n","protected":false},"author":2,"featured_media":186612,"comment_status":"closed","ping_status":"closed","sticky":false,"template":"","format":"standard","meta":{"sfsi_plus_gutenberg_text_before_share":"","sfsi_plus_gutenberg_show_text_before_share":"","sfsi_plus_gutenberg_icon_type":"","sfsi_plus_gutenberg_icon_alignemt":"","sfsi_plus_gutenburg_max_per_row":"","footnotes":""},"categories":[50,11],"tags":[],"class_list":["post-186610","post","type-post","status-publish","format-standard","has-post-thumbnail","hentry","category-destaque","category-politica"],"_links":{"self":[{"href":"https:\/\/www.caririemacao.com\/1\/wp-json\/wp\/v2\/posts\/186610","targetHints":{"allow":["GET"]}}],"collection":[{"href":"https:\/\/www.caririemacao.com\/1\/wp-json\/wp\/v2\/posts"}],"about":[{"href":"https:\/\/www.caririemacao.com\/1\/wp-json\/wp\/v2\/types\/post"}],"author":[{"embeddable":true,"href":"https:\/\/www.caririemacao.com\/1\/wp-json\/wp\/v2\/users\/2"}],"replies":[{"embeddable":true,"href":"https:\/\/www.caririemacao.com\/1\/wp-json\/wp\/v2\/comments?post=186610"}],"version-history":[{"count":1,"href":"https:\/\/www.caririemacao.com\/1\/wp-json\/wp\/v2\/posts\/186610\/revisions"}],"predecessor-version":[{"id":186613,"href":"https:\/\/www.caririemacao.com\/1\/wp-json\/wp\/v2\/posts\/186610\/revisions\/186613"}],"wp:featuredmedia":[{"embeddable":true,"href":"https:\/\/www.caririemacao.com\/1\/wp-json\/wp\/v2\/media\/186612"}],"wp:attachment":[{"href":"https:\/\/www.caririemacao.com\/1\/wp-json\/wp\/v2\/media?parent=186610"}],"wp:term":[{"taxonomy":"category","embeddable":true,"href":"https:\/\/www.caririemacao.com\/1\/wp-json\/wp\/v2\/categories?post=186610"},{"taxonomy":"post_tag","embeddable":true,"href":"https:\/\/www.caririemacao.com\/1\/wp-json\/wp\/v2\/tags?post=186610"}],"curies":[{"name":"wp","href":"https:\/\/api.w.org\/{rel}","templated":true}]}}