{"id":186615,"date":"2020-09-02T09:07:34","date_gmt":"2020-09-02T12:07:34","guid":{"rendered":"https:\/\/www.caririemacao.com\/1\/?p=186615"},"modified":"2020-09-02T09:07:34","modified_gmt":"2020-09-02T12:07:34","slug":"novas-vagas-remanescentes-serao-ofertadas-para-o-prouni-e-fies","status":"publish","type":"post","link":"https:\/\/www.caririemacao.com\/1\/2020\/09\/02\/novas-vagas-remanescentes-serao-ofertadas-para-o-prouni-e-fies\/","title":{"rendered":"Novas vagas remanescentes ser\u00e3o ofertadas para o Prouni e Fies"},"content":{"rendered":"\n<h3 class=\"wp-block-heading\"><\/h3>\n\n\n\n<hr class=\"wp-block-separator\"\/>\n\n\n\n<p>Um novo processo seletivo do Programa Universidade para Todos (<a href=\"https:\/\/www.educamaisbrasil.com.br\/programas-do-governo\/prouni\/o-que-e\/?p=wscom\">Prouni<\/a>) e Fundo de Financiamento Estudantil (<a href=\"https:\/\/www.educamaisbrasil.com.br\/programas-do-governo\/fies\/o-que-e\/?p=wscom\">Fies<\/a>) ser\u00e1 aberto neste m\u00eas de setembro, pelo Minist\u00e9rio da Educa\u00e7\u00e3o (MEC), para a oferta de 140 mil vagas remanescentes. As informa\u00e7\u00f5es foram passadas pelo ministro da Educa\u00e7\u00e3o, Milton Ribeiro, durante a participa\u00e7\u00e3o em uma videoconfer\u00eancia promovida pela Associa\u00e7\u00e3o Brasileira de Mantenedoras de Ensino Superior (ABMES), na \u00faltima sexta-feira, 28.<\/p>\n\n\n\n<p>De acordo com o ministro, a seletiva que ocorrer\u00e1 para preencher 90 mil vagas do Prouni e 50 mil do Fies, ambos programas que d\u00e3o acesso ao ensino superior do governo federal.&nbsp;<\/p>\n\n\n\n<p>As vagas remanescentes s\u00e3o formadas pela n\u00e3o ocupa\u00e7\u00e3o dos selecionados em chamada regular. Geralmente, elas retornam ao sistema por conta da desist\u00eancia dos candidatos pr\u00e9-selecionados ou falta de documenta\u00e7\u00e3o, por exemplo.<\/p>\n\n\n\n<p><br><strong>Como funciona o Prouni?<\/strong><\/p>\n\n\n\n<p><br>O Prouni oferta bolsas de estudo para faculdades privadas de forma integral, em que o estudante selecionado n\u00e3o precisa pagar nenhuma parte do valor das mensalidades do curso, e bolsas parciais, que correspondem \u00e0 metade valor das mensalidades. O que diferencia o tipo de aux\u00edlio estudantil que o candidato ir\u00e1 concorrer \u00e9 a renda familiar. Al\u00e9m disso, \u00e9 preciso ter feito o Exame Nacional do Ensino M\u00e9dio (<a href=\"https:\/\/www.educamaisbrasil.com.br\/programas-do-governo\/enem\/?p=wscom\">Enem<\/a>) e ter atingido uma m\u00e9dia m\u00ednima de 450 pontos e superior a zero na reda\u00e7\u00e3o.<\/p>\n\n\n\n<p>As bolsas do Prouni s\u00e3o destinadas a quem estudou o ensino m\u00e9dio completo em escola da rede p\u00fablica ou em escola particular com bolsa integral da institui\u00e7\u00e3o. Os descontos s\u00e3o concedidos at\u00e9 o final do curso.<\/p>\n\n\n\n<p><br><strong>Como funciona o Fies?<\/strong><\/p>\n\n\n\n<p><br>O Fies atua com a disponibiliza\u00e7\u00e3o de financiamento a estudantes que desejam ingressar no ensino superior privado, mas n\u00e3o t\u00eam condi\u00e7\u00f5es de pagar as mensalidades durante o curso. Nesse caso, ao concluir a gradua\u00e7\u00e3o, o valor deve ser pago ao governo em parcelas conforme fixadas em contrato. Para concorrer tamb\u00e9m \u00e9 necess\u00e1rio ter feito o Enem e comprovar renda familiar.<\/p>\n","protected":false},"excerpt":{"rendered":"<p>Um novo processo seletivo do Programa Universidade para Todos (Prouni) e Fundo de Financiamento Estudantil (Fies) ser\u00e1 aberto neste m\u00eas de setembro, pelo Minist\u00e9rio da&hellip; <\/p>\n","protected":false},"author":2,"featured_media":186616,"comment_status":"closed","ping_status":"closed","sticky":false,"template":"","format":"standard","meta":{"sfsi_plus_gutenberg_text_before_share":"","sfsi_plus_gutenberg_show_text_before_share":"","sfsi_plus_gutenberg_icon_type":"","sfsi_plus_gutenberg_icon_alignemt":"","sfsi_plus_gutenburg_max_per_row":"","footnotes":""},"categories":[50,2],"tags":[],"class_list":["post-186615","post","type-post","status-publish","format-standard","has-post-thumbnail","hentry","category-destaque","category-geral"],"_links":{"self":[{"href":"https:\/\/www.caririemacao.com\/1\/wp-json\/wp\/v2\/posts\/186615","targetHints":{"allow":["GET"]}}],"collection":[{"href":"https:\/\/www.caririemacao.com\/1\/wp-json\/wp\/v2\/posts"}],"about":[{"href":"https:\/\/www.caririemacao.com\/1\/wp-json\/wp\/v2\/types\/post"}],"author":[{"embeddable":true,"href":"https:\/\/www.caririemacao.com\/1\/wp-json\/wp\/v2\/users\/2"}],"replies":[{"embeddable":true,"href":"https:\/\/www.caririemacao.com\/1\/wp-json\/wp\/v2\/comments?post=186615"}],"version-history":[{"count":1,"href":"https:\/\/www.caririemacao.com\/1\/wp-json\/wp\/v2\/posts\/186615\/revisions"}],"predecessor-version":[{"id":186617,"href":"https:\/\/www.caririemacao.com\/1\/wp-json\/wp\/v2\/posts\/186615\/revisions\/186617"}],"wp:featuredmedia":[{"embeddable":true,"href":"https:\/\/www.caririemacao.com\/1\/wp-json\/wp\/v2\/media\/186616"}],"wp:attachment":[{"href":"https:\/\/www.caririemacao.com\/1\/wp-json\/wp\/v2\/media?parent=186615"}],"wp:term":[{"taxonomy":"category","embeddable":true,"href":"https:\/\/www.caririemacao.com\/1\/wp-json\/wp\/v2\/categories?post=186615"},{"taxonomy":"post_tag","embeddable":true,"href":"https:\/\/www.caririemacao.com\/1\/wp-json\/wp\/v2\/tags?post=186615"}],"curies":[{"name":"wp","href":"https:\/\/api.w.org\/{rel}","templated":true}]}}