{"id":186619,"date":"2020-09-02T09:36:52","date_gmt":"2020-09-02T12:36:52","guid":{"rendered":"https:\/\/www.caririemacao.com\/1\/?p=186619"},"modified":"2020-09-02T09:36:52","modified_gmt":"2020-09-02T12:36:52","slug":"apos-assembleia-virtual-bancarios-aprovam-proposta-e-descartam-possibilidade-de-greve-na-paraiba","status":"publish","type":"post","link":"https:\/\/www.caririemacao.com\/1\/2020\/09\/02\/apos-assembleia-virtual-bancarios-aprovam-proposta-e-descartam-possibilidade-de-greve-na-paraiba\/","title":{"rendered":"Ap\u00f3s Assembleia virtual, banc\u00e1rios aprovam proposta e descartam possibilidade de greve na Para\u00edba"},"content":{"rendered":"\n<h1 class=\"wp-block-heading\"><\/h1>\n\n\n\n<p>Ap\u00f3s a realiza\u00e7\u00e3o de uma Assembleia virtual, os banc\u00e1rios aceitaram as propostas negociadas com os bancos que garantem reposi\u00e7\u00e3o por dois anos e assim descartaram a possibilidade de greve na Para\u00edba. O acordo aprovado garante reajuste salarial e abono de R$ 2 mil em 2020, aumento real em 2021, al\u00e9m da manuten\u00e7\u00e3o dos direitos da Conven\u00e7\u00e3o Coletiva e dos acordos espec\u00edficos dos bancos p\u00fablicos.<\/p>\n\n\n\n<p>Para o presidente do Sindicato dos Banc\u00e1rios da Para\u00edba, Lindonjhonson Almeida o resultado representa uma conquista que superou as expectativas.<\/p>\n\n\n\n<p>\u201cAp\u00f3s diversas rodadas de negocia\u00e7\u00e3o a categoria finalmente conseguiu manter seus direitos e reajuste frente a conjuntura adversa de pandemia, de crise econ\u00f4mica, desemprego, de um governo de extrema direita e que ataca direitos. Obtivemos \u00eaxito com a organiza\u00e7\u00e3o e press\u00e3o que foi feita nas negocia\u00e7\u00f5es realizadas em diversas rodadas desde agosto. A Campanha de 2020 foi vitoriosa gra\u00e7as a for\u00e7a que a categoria possui com unidade e mobiliza\u00e7\u00e3o\u201d, explicou.<\/p>\n\n\n\n<p>Confira o resultado da Assembleia Virtual que foi iniciada no \u00faltimo domingo (30) e encerrada na noite desta segunda-feira (31):<\/p>\n\n\n\n<p>Bancos Privados: 97,15%<br>Banco do Nordeste: 86,39%<br>Banco do Brasil: 81,73%<br>Caixa Econ\u00f4mica: 84,66%<\/p>\n\n\n\n<p>ClickPB<\/p>\n","protected":false},"excerpt":{"rendered":"<p>Ap\u00f3s a realiza\u00e7\u00e3o de uma Assembleia virtual, os banc\u00e1rios aceitaram as propostas negociadas com os bancos que garantem reposi\u00e7\u00e3o por dois anos e assim descartaram&hellip; <\/p>\n","protected":false},"author":2,"featured_media":186620,"comment_status":"closed","ping_status":"closed","sticky":false,"template":"","format":"standard","meta":{"sfsi_plus_gutenberg_text_before_share":"","sfsi_plus_gutenberg_show_text_before_share":"","sfsi_plus_gutenberg_icon_type":"","sfsi_plus_gutenberg_icon_alignemt":"","sfsi_plus_gutenburg_max_per_row":"","footnotes":""},"categories":[2],"tags":[],"class_list":["post-186619","post","type-post","status-publish","format-standard","has-post-thumbnail","hentry","category-geral"],"_links":{"self":[{"href":"https:\/\/www.caririemacao.com\/1\/wp-json\/wp\/v2\/posts\/186619","targetHints":{"allow":["GET"]}}],"collection":[{"href":"https:\/\/www.caririemacao.com\/1\/wp-json\/wp\/v2\/posts"}],"about":[{"href":"https:\/\/www.caririemacao.com\/1\/wp-json\/wp\/v2\/types\/post"}],"author":[{"embeddable":true,"href":"https:\/\/www.caririemacao.com\/1\/wp-json\/wp\/v2\/users\/2"}],"replies":[{"embeddable":true,"href":"https:\/\/www.caririemacao.com\/1\/wp-json\/wp\/v2\/comments?post=186619"}],"version-history":[{"count":1,"href":"https:\/\/www.caririemacao.com\/1\/wp-json\/wp\/v2\/posts\/186619\/revisions"}],"predecessor-version":[{"id":186621,"href":"https:\/\/www.caririemacao.com\/1\/wp-json\/wp\/v2\/posts\/186619\/revisions\/186621"}],"wp:featuredmedia":[{"embeddable":true,"href":"https:\/\/www.caririemacao.com\/1\/wp-json\/wp\/v2\/media\/186620"}],"wp:attachment":[{"href":"https:\/\/www.caririemacao.com\/1\/wp-json\/wp\/v2\/media?parent=186619"}],"wp:term":[{"taxonomy":"category","embeddable":true,"href":"https:\/\/www.caririemacao.com\/1\/wp-json\/wp\/v2\/categories?post=186619"},{"taxonomy":"post_tag","embeddable":true,"href":"https:\/\/www.caririemacao.com\/1\/wp-json\/wp\/v2\/tags?post=186619"}],"curies":[{"name":"wp","href":"https:\/\/api.w.org\/{rel}","templated":true}]}}