{"id":186633,"date":"2020-09-02T09:46:44","date_gmt":"2020-09-02T12:46:44","guid":{"rendered":"https:\/\/www.caririemacao.com\/1\/?p=186633"},"modified":"2020-09-02T09:46:44","modified_gmt":"2020-09-02T12:46:44","slug":"congo-registra-dois-novos-casos-confirmados-de-covid-19","status":"publish","type":"post","link":"https:\/\/www.caririemacao.com\/1\/2020\/09\/02\/congo-registra-dois-novos-casos-confirmados-de-covid-19\/","title":{"rendered":"Congo registra dois novos casos confirmados de Covid-19"},"content":{"rendered":"\n<h1 class=\"wp-block-heading\"><\/h1>\n\n\n\n<p>\u2013 Paciente do sexo feminino, de 63 anos de idade, moradora da zona urbana;<br>\u2013 Paciente do sexo masculino, de 37 anos de idade, morador da zona urbana.<\/p>\n\n\n\n<p>Os dois pacientes n\u00e3o apresentam complica\u00e7\u00f5es no quadro de sa\u00fade, est\u00e3o em casa, orientados a cumprir isolamento e monitorados pela Secretaria Municipal de Sa\u00fade.<\/p>\n\n\n\n<p>15 testes deram negativo e os casos foram descartados.<\/p>\n\n\n\n<p>Foram registrados ainda 2 casos suspeitos.<\/p>\n","protected":false},"excerpt":{"rendered":"<p>\u2013 Paciente do sexo feminino, de 63 anos de idade, moradora da zona urbana;\u2013 Paciente do sexo masculino, de 37 anos de idade, morador da&hellip; <\/p>\n","protected":false},"author":2,"featured_media":186634,"comment_status":"closed","ping_status":"closed","sticky":false,"template":"","format":"standard","meta":{"sfsi_plus_gutenberg_text_before_share":"","sfsi_plus_gutenberg_show_text_before_share":"","sfsi_plus_gutenberg_icon_type":"","sfsi_plus_gutenberg_icon_alignemt":"","sfsi_plus_gutenburg_max_per_row":"","footnotes":""},"categories":[2],"tags":[],"class_list":["post-186633","post","type-post","status-publish","format-standard","has-post-thumbnail","hentry","category-geral"],"_links":{"self":[{"href":"https:\/\/www.caririemacao.com\/1\/wp-json\/wp\/v2\/posts\/186633","targetHints":{"allow":["GET"]}}],"collection":[{"href":"https:\/\/www.caririemacao.com\/1\/wp-json\/wp\/v2\/posts"}],"about":[{"href":"https:\/\/www.caririemacao.com\/1\/wp-json\/wp\/v2\/types\/post"}],"author":[{"embeddable":true,"href":"https:\/\/www.caririemacao.com\/1\/wp-json\/wp\/v2\/users\/2"}],"replies":[{"embeddable":true,"href":"https:\/\/www.caririemacao.com\/1\/wp-json\/wp\/v2\/comments?post=186633"}],"version-history":[{"count":1,"href":"https:\/\/www.caririemacao.com\/1\/wp-json\/wp\/v2\/posts\/186633\/revisions"}],"predecessor-version":[{"id":186635,"href":"https:\/\/www.caririemacao.com\/1\/wp-json\/wp\/v2\/posts\/186633\/revisions\/186635"}],"wp:featuredmedia":[{"embeddable":true,"href":"https:\/\/www.caririemacao.com\/1\/wp-json\/wp\/v2\/media\/186634"}],"wp:attachment":[{"href":"https:\/\/www.caririemacao.com\/1\/wp-json\/wp\/v2\/media?parent=186633"}],"wp:term":[{"taxonomy":"category","embeddable":true,"href":"https:\/\/www.caririemacao.com\/1\/wp-json\/wp\/v2\/categories?post=186633"},{"taxonomy":"post_tag","embeddable":true,"href":"https:\/\/www.caririemacao.com\/1\/wp-json\/wp\/v2\/tags?post=186633"}],"curies":[{"name":"wp","href":"https:\/\/api.w.org\/{rel}","templated":true}]}}