{"id":186641,"date":"2020-09-02T09:54:51","date_gmt":"2020-09-02T12:54:51","guid":{"rendered":"https:\/\/www.caririemacao.com\/1\/?p=186641"},"modified":"2020-09-02T09:54:51","modified_gmt":"2020-09-02T12:54:51","slug":"iv-semana-de-ciencias-sociais-sera-realizada-de-1-a-4-de-setembro","status":"publish","type":"post","link":"https:\/\/www.caririemacao.com\/1\/2020\/09\/02\/iv-semana-de-ciencias-sociais-sera-realizada-de-1-a-4-de-setembro\/","title":{"rendered":"IV Semana de Ci\u00eancias Sociais ser\u00e1 realizada de 1 a 4 de setembro"},"content":{"rendered":"\n<h1 class=\"wp-block-heading\"><\/h1>\n\n\n\n<p>Ensino remoto no pa\u00eds das desigualdades: desafios para a universidade \u00e9 o tema da \u201cIV Semana de Ci\u00eancias Sociais\u201d, que inaugura a primeira semana de aulas no Regime Acad\u00eamico Extraordin\u00e1rio no Centro de Desenvolvimento Sustent\u00e1vel do Semi\u00e1rido (CDSA\/UFCG). Este encontro tem como prop\u00f3sito estimular reflex\u00f5es sobre a ado\u00e7\u00e3o do ensino remoto de maneira mais aprofundada, para al\u00e9m da preocupa\u00e7\u00e3o com o acesso \u00e0 internet.<\/p>\n\n\n\n<p>Todas as palestras ser\u00e3o transmitidas pelo canal da Coordena\u00e7\u00e3o de Ci\u00eancias Sociais do CDSA no youtube (<a href=\"https:\/\/www.youtube.com\/channel\/UCuvfsDO4vgEZK24zo-GWaOA\" target=\"_blank\" rel=\"noreferrer noopener\">https:\/\/www.youtube.com\/channel\/UCuvfsDO4vgEZK24zo-GWaOA<\/a>). Fa\u00e7a sua inscri\u00e7\u00e3o (<a href=\"https:\/\/doity.com.br\/iv-semana-de-ciencias-sociais\" target=\"_blank\" rel=\"noreferrer noopener\">https:\/\/doity.com.br\/iv-semana-de-ciencias-sociais<\/a>) e garanta o certificado de participa\u00e7\u00e3o e o acesso \u00e0s oficinas.<\/p>\n\n\n\n<p><strong>Programa\u00e7\u00e3o<\/strong><\/p>\n\n\n\n<p>01\/09<\/p>\n\n\n\n<p>19h \u2013 Mesa de abertura \u2013 Corpo de docentes da UACIS\/CDSA<br>19h45 \u2013 Ensino remoto no Cariri paraibano: um olhar sobre o contexto local<br>Prof. Dr. Paulo C\u00e9sar Diniz (CDSA\/UFCG), Prof. Dr. Wallace Ferreira Gomes (CDSA\/UFCG) e Profa. Dra. J\u00fania Mar\u00fasia Trigueiro (CDSA\/UFCG)<\/p>\n\n\n\n<p>02\/09<\/p>\n\n\n\n<p>19h \u2013 Refletindo sobre riscos para a sa\u00fade mental na universidade em tempos de pandemia \u2013 Profa. Dra. Suely Emilia (UPE)<\/p>\n\n\n\n<p>03\/09<\/p>\n\n\n\n<p>19h \u2013 Oficina 1 \u2013 Aula remota no Moodle: aprendendo a mexer na AVA \u2013 Prof. Dr. Wallace Ferreira<br>19h \u2013 Oficina 2 \u2013 Ferramentas de pesquisa online para as ci\u00eancias Sociais \u2013 Profa. Dra. Lena Costa Carvalho<\/p>\n\n\n\n<p>04\/09<\/p>\n\n\n\n<p>19h \u2013 Confer\u00eancia de encerramento<br>Ensino remoto: a ilus\u00e3o tecnol\u00f3gica e a acelera\u00e7\u00e3o da reforma empresarial da educa\u00e7\u00e3o \u2013 Prof. Dr. Luiz Carlos de Freitas (UNICAMP)<\/p>\n","protected":false},"excerpt":{"rendered":"<p>Ensino remoto no pa\u00eds das desigualdades: desafios para a universidade \u00e9 o tema da \u201cIV Semana de Ci\u00eancias Sociais\u201d, que inaugura a primeira semana de&hellip; <\/p>\n","protected":false},"author":2,"featured_media":186642,"comment_status":"closed","ping_status":"closed","sticky":false,"template":"","format":"standard","meta":{"sfsi_plus_gutenberg_text_before_share":"","sfsi_plus_gutenberg_show_text_before_share":"","sfsi_plus_gutenberg_icon_type":"","sfsi_plus_gutenberg_icon_alignemt":"","sfsi_plus_gutenburg_max_per_row":"","footnotes":""},"categories":[50,2],"tags":[],"class_list":["post-186641","post","type-post","status-publish","format-standard","has-post-thumbnail","hentry","category-destaque","category-geral"],"_links":{"self":[{"href":"https:\/\/www.caririemacao.com\/1\/wp-json\/wp\/v2\/posts\/186641","targetHints":{"allow":["GET"]}}],"collection":[{"href":"https:\/\/www.caririemacao.com\/1\/wp-json\/wp\/v2\/posts"}],"about":[{"href":"https:\/\/www.caririemacao.com\/1\/wp-json\/wp\/v2\/types\/post"}],"author":[{"embeddable":true,"href":"https:\/\/www.caririemacao.com\/1\/wp-json\/wp\/v2\/users\/2"}],"replies":[{"embeddable":true,"href":"https:\/\/www.caririemacao.com\/1\/wp-json\/wp\/v2\/comments?post=186641"}],"version-history":[{"count":1,"href":"https:\/\/www.caririemacao.com\/1\/wp-json\/wp\/v2\/posts\/186641\/revisions"}],"predecessor-version":[{"id":186643,"href":"https:\/\/www.caririemacao.com\/1\/wp-json\/wp\/v2\/posts\/186641\/revisions\/186643"}],"wp:featuredmedia":[{"embeddable":true,"href":"https:\/\/www.caririemacao.com\/1\/wp-json\/wp\/v2\/media\/186642"}],"wp:attachment":[{"href":"https:\/\/www.caririemacao.com\/1\/wp-json\/wp\/v2\/media?parent=186641"}],"wp:term":[{"taxonomy":"category","embeddable":true,"href":"https:\/\/www.caririemacao.com\/1\/wp-json\/wp\/v2\/categories?post=186641"},{"taxonomy":"post_tag","embeddable":true,"href":"https:\/\/www.caririemacao.com\/1\/wp-json\/wp\/v2\/tags?post=186641"}],"curies":[{"name":"wp","href":"https:\/\/api.w.org\/{rel}","templated":true}]}}