{"id":186645,"date":"2020-09-02T10:02:04","date_gmt":"2020-09-02T13:02:04","guid":{"rendered":"https:\/\/www.caririemacao.com\/1\/?p=186645"},"modified":"2020-09-02T10:02:04","modified_gmt":"2020-09-02T13:02:04","slug":"suspeito-de-assaltar-farmacia-em-sao-domingos-do-cariri-e-preso-em-flagrante","status":"publish","type":"post","link":"https:\/\/www.caririemacao.com\/1\/2020\/09\/02\/suspeito-de-assaltar-farmacia-em-sao-domingos-do-cariri-e-preso-em-flagrante\/","title":{"rendered":"Suspeito de assaltar farm\u00e1cia em S\u00e3o Domingos do Cariri \u00e9 preso em flagrante"},"content":{"rendered":"\n<h1 class=\"wp-block-heading\"><\/h1>\n\n\n\n<hr class=\"wp-block-separator\"\/>\n\n\n\n<p>A Pol\u00edcia Militar prendeu, em flagrante, um suspeito de 27 anos que tinha assaltado uma farm\u00e1cia, nessa segunda-feira (31), na cidade de S\u00e3o Domingos do Cariri, que fica a 94 km de Campina Grande, no Agreste da Para\u00edba. Depois de praticar o crime, ele teve a fuga frustrada em um posto de combust\u00edveis, onde tentava abastecer a moto para fugir para outro munic\u00edpio.<\/p>\n\n\n\n<p>Assim que souberam do roubo, os policiais da 3\u00aa Companhia Independente da PM (3\u00aa CIPM) montaram um cerco, pegaram caracter\u00edsticas do ve\u00edculo usado pelo criminoso e conseguiram intercept\u00e1-lo no posto. Com ele, foi recuperado todo o dinheiro levado no assalto.<\/p>\n\n\n\n<p>O preso foi apresentado na delegacia de Boqueir\u00e3o.<\/p>\n","protected":false},"excerpt":{"rendered":"<p>A Pol\u00edcia Militar prendeu, em flagrante, um suspeito de 27 anos que tinha assaltado uma farm\u00e1cia, nessa segunda-feira (31), na cidade de S\u00e3o Domingos do&hellip; <\/p>\n","protected":false},"author":2,"featured_media":186646,"comment_status":"closed","ping_status":"closed","sticky":false,"template":"","format":"standard","meta":{"sfsi_plus_gutenberg_text_before_share":"","sfsi_plus_gutenberg_show_text_before_share":"","sfsi_plus_gutenberg_icon_type":"","sfsi_plus_gutenberg_icon_alignemt":"","sfsi_plus_gutenburg_max_per_row":"","footnotes":""},"categories":[50,12],"tags":[],"class_list":["post-186645","post","type-post","status-publish","format-standard","has-post-thumbnail","hentry","category-destaque","category-policia"],"_links":{"self":[{"href":"https:\/\/www.caririemacao.com\/1\/wp-json\/wp\/v2\/posts\/186645","targetHints":{"allow":["GET"]}}],"collection":[{"href":"https:\/\/www.caririemacao.com\/1\/wp-json\/wp\/v2\/posts"}],"about":[{"href":"https:\/\/www.caririemacao.com\/1\/wp-json\/wp\/v2\/types\/post"}],"author":[{"embeddable":true,"href":"https:\/\/www.caririemacao.com\/1\/wp-json\/wp\/v2\/users\/2"}],"replies":[{"embeddable":true,"href":"https:\/\/www.caririemacao.com\/1\/wp-json\/wp\/v2\/comments?post=186645"}],"version-history":[{"count":1,"href":"https:\/\/www.caririemacao.com\/1\/wp-json\/wp\/v2\/posts\/186645\/revisions"}],"predecessor-version":[{"id":186647,"href":"https:\/\/www.caririemacao.com\/1\/wp-json\/wp\/v2\/posts\/186645\/revisions\/186647"}],"wp:featuredmedia":[{"embeddable":true,"href":"https:\/\/www.caririemacao.com\/1\/wp-json\/wp\/v2\/media\/186646"}],"wp:attachment":[{"href":"https:\/\/www.caririemacao.com\/1\/wp-json\/wp\/v2\/media?parent=186645"}],"wp:term":[{"taxonomy":"category","embeddable":true,"href":"https:\/\/www.caririemacao.com\/1\/wp-json\/wp\/v2\/categories?post=186645"},{"taxonomy":"post_tag","embeddable":true,"href":"https:\/\/www.caririemacao.com\/1\/wp-json\/wp\/v2\/tags?post=186645"}],"curies":[{"name":"wp","href":"https:\/\/api.w.org\/{rel}","templated":true}]}}