{"id":186649,"date":"2020-09-02T17:27:20","date_gmt":"2020-09-02T20:27:20","guid":{"rendered":"https:\/\/www.caririemacao.com\/1\/?p=186649"},"modified":"2020-09-02T17:27:20","modified_gmt":"2020-09-02T20:27:20","slug":"camara-de-caraubas-se-reune-e-conta-com-a-participacao-do-secretario-de-saude","status":"publish","type":"post","link":"https:\/\/www.caririemacao.com\/1\/2020\/09\/02\/camara-de-caraubas-se-reune-e-conta-com-a-participacao-do-secretario-de-saude\/","title":{"rendered":"C\u00e2mara de Cara\u00fabas se re\u00fane e conta com a participa\u00e7\u00e3o do secret\u00e1rio de sa\u00fade"},"content":{"rendered":"\n<p>Durante a reuni\u00e3o realizada na noite desta ter\u00e7a-feira (01), a C\u00e2mara Municipal de Vereadores de Cara\u00fabas contou com a presen\u00e7a do secret\u00e1rio de sa\u00fade de Cara\u00fabas, Leonardo En\u00e9as Almeida.<\/p>\n\n\n\n<p>O secret\u00e1rio Leonardo esteve usando espa\u00e7o da tribuna para esclarecer alguns fatos ocorridos com atendimento em uma unidade de sa\u00fade.<\/p>\n\n\n\n<p>Depois de ouvir os vereadores, o secret\u00e1rio Leonardo fez os devidos esclarecimentos e aproveitou para fazer a presta\u00e7\u00e3o de contas das a\u00e7\u00f5es da secretaria, principalmente as que s\u00e3o voltados ao combate do COVID 19.<\/p>\n\n\n\n<p>Ap\u00f3s a participa\u00e7\u00e3o do secret\u00e1rio de sa\u00fade, o presidente Jos\u00e9 Franconero, reiterou o compromisso do Poder Legislativo Municipal em prestar contas daquilo que est\u00e1 sendo feito e acompanhar e cobrar a solu\u00e7\u00e3o de problemas que surgem no dia a dia.<\/p>\n","protected":false},"excerpt":{"rendered":"<p>Durante a reuni\u00e3o realizada na noite desta ter\u00e7a-feira (01), a C\u00e2mara Municipal de Vereadores de Cara\u00fabas contou com a presen\u00e7a do secret\u00e1rio de sa\u00fade de&hellip; <\/p>\n","protected":false},"author":2,"featured_media":186674,"comment_status":"closed","ping_status":"closed","sticky":false,"template":"","format":"standard","meta":{"sfsi_plus_gutenberg_text_before_share":"","sfsi_plus_gutenberg_show_text_before_share":"","sfsi_plus_gutenberg_icon_type":"","sfsi_plus_gutenberg_icon_alignemt":"","sfsi_plus_gutenburg_max_per_row":"","footnotes":""},"categories":[1],"tags":[],"class_list":["post-186649","post","type-post","status-publish","format-standard","has-post-thumbnail","hentry","category-o-site"],"_links":{"self":[{"href":"https:\/\/www.caririemacao.com\/1\/wp-json\/wp\/v2\/posts\/186649","targetHints":{"allow":["GET"]}}],"collection":[{"href":"https:\/\/www.caririemacao.com\/1\/wp-json\/wp\/v2\/posts"}],"about":[{"href":"https:\/\/www.caririemacao.com\/1\/wp-json\/wp\/v2\/types\/post"}],"author":[{"embeddable":true,"href":"https:\/\/www.caririemacao.com\/1\/wp-json\/wp\/v2\/users\/2"}],"replies":[{"embeddable":true,"href":"https:\/\/www.caririemacao.com\/1\/wp-json\/wp\/v2\/comments?post=186649"}],"version-history":[{"count":1,"href":"https:\/\/www.caririemacao.com\/1\/wp-json\/wp\/v2\/posts\/186649\/revisions"}],"predecessor-version":[{"id":186676,"href":"https:\/\/www.caririemacao.com\/1\/wp-json\/wp\/v2\/posts\/186649\/revisions\/186676"}],"wp:featuredmedia":[{"embeddable":true,"href":"https:\/\/www.caririemacao.com\/1\/wp-json\/wp\/v2\/media\/186674"}],"wp:attachment":[{"href":"https:\/\/www.caririemacao.com\/1\/wp-json\/wp\/v2\/media?parent=186649"}],"wp:term":[{"taxonomy":"category","embeddable":true,"href":"https:\/\/www.caririemacao.com\/1\/wp-json\/wp\/v2\/categories?post=186649"},{"taxonomy":"post_tag","embeddable":true,"href":"https:\/\/www.caririemacao.com\/1\/wp-json\/wp\/v2\/tags?post=186649"}],"curies":[{"name":"wp","href":"https:\/\/api.w.org\/{rel}","templated":true}]}}