{"id":186656,"date":"2020-09-02T14:04:34","date_gmt":"2020-09-02T17:04:34","guid":{"rendered":"https:\/\/www.caririemacao.com\/1\/?p=186656"},"modified":"2020-09-02T14:04:34","modified_gmt":"2020-09-02T17:04:34","slug":"projeto-na-ufpb-abre-inscricoes-para-auloes-online-e-gratuitos-para-o-enem","status":"publish","type":"post","link":"https:\/\/www.caririemacao.com\/1\/2020\/09\/02\/projeto-na-ufpb-abre-inscricoes-para-auloes-online-e-gratuitos-para-o-enem\/","title":{"rendered":"Projeto na UFPB abre inscri\u00e7\u00f5es para aul\u00f5es online e gratuitos para o Enem"},"content":{"rendered":"\n<p>Est\u00e3o abertas inscri\u00e7\u00f5es para aul\u00f5es preparat\u00f3rios para o Exame Nacional do Ensino M\u00e9dio (Enem). Os aul\u00f5es s\u00e3o oferecidos pelo curso pr\u00e9-universit\u00e1rio PET\/Conex\u00f5es de Saberes, projeto do Programa de Educa\u00e7\u00e3o Tutorial\/Conex\u00f5es de Saberes, Acesso e Perman\u00eancia do Jovem de Origem Popular \u00e0 Universidade da Universidade Federal da Para\u00edba (UFPB).<\/p>\n\n\n\n<p>Os aul\u00f5es, ministrados por 13 bolsistas e 14 volunt\u00e1rios do projeto, ser\u00e3o aos s\u00e1bados, das 14 \u00e0s 18h, e contemplar\u00e3o todas as \u00e1reas do conhecimento cobradas pelo Enem. Ter\u00e3o in\u00edcio em 12 de setembro e ocorrer\u00e3o at\u00e9 novembro, atrav\u00e9s da plataforma Google Meet.<\/p>\n\n\n\n<p>Interessados devem se inscrever por meio de formul\u00e1rio, que ser\u00e1 disponibilizado nos perfis do projeto no&nbsp;<a href=\"https:\/\/www.facebook.com\/PETConexoesUFPB\/\" target=\"_blank\" rel=\"noreferrer noopener\">Facebook&nbsp;<\/a>e no&nbsp;<a href=\"https:\/\/www.instagram.com\/petconexoesufpb\/\" target=\"_blank\" rel=\"noreferrer noopener\">Instagram<\/a>, entre esta quarta (2) e sexta-feira (4).<\/p>\n\n\n\n<p>As vagas s\u00e3o limitadas e ser\u00e3o distribu\u00eddas entre os alunos do cursinho pr\u00e9-vestibular e pessoas de baixa renda, majoritariamente negras. Somente ser\u00e3o aceitas inscri\u00e7\u00f5es de pessoas que n\u00e3o possuem e n\u00e3o est\u00e3o com matr\u00edcula ativa em curso de n\u00edvel superior.<\/p>\n\n\n\n<p>Os crit\u00e9rios para participar s\u00e3o ter conclu\u00eddo ou estar cursando o ensino m\u00e9dio em escola p\u00fablica ou como bolsista integral em escola privada. Al\u00e9m disso, deve possuir renda salarial familiar menor que tr\u00eas sal\u00e1rios m\u00ednimos e ser morador(a) de territ\u00f3rios perif\u00e9ricos.<\/p>\n\n\n\n<p>O Programa de Educa\u00e7\u00e3o Tutorial (PET) \u00e9 desenvolvido por estudantes no formato de grupos tutoriais de aprendizagem, sob a orienta\u00e7\u00e3o de um professor, organizados em n\u00edvel de gradua\u00e7\u00e3o e que consolidam a\u00e7\u00f5es extracurriculares orientadas pelo princ\u00edpio da indissociabilidade entre ensino, pesquisa e extens\u00e3o.<\/p>\n\n\n\n<p>O Conex\u00f5es de Saberes, Acesso e Perman\u00eancia do Jovem de Origem Popular \u00e0 Universidade foi implantado na UFPB em 2010. Desde ent\u00e3o, vem desenvolvendo diversas a\u00e7\u00f5es que contribuem diretamente para o acesso ao Ensino Superior e a forma\u00e7\u00e3o docente. O trabalho empreendido tem como foco promover a qualifica\u00e7\u00e3o da educa\u00e7\u00e3o superior, em sintonia com a forma\u00e7\u00e3o social e acad\u00eamico-cient\u00edfica.<\/p>\n","protected":false},"excerpt":{"rendered":"<p>Est\u00e3o abertas inscri\u00e7\u00f5es para aul\u00f5es preparat\u00f3rios para o Exame Nacional do Ensino M\u00e9dio (Enem). Os aul\u00f5es s\u00e3o oferecidos pelo curso pr\u00e9-universit\u00e1rio PET\/Conex\u00f5es de Saberes, projeto&hellip; <\/p>\n","protected":false},"author":2,"featured_media":186155,"comment_status":"closed","ping_status":"closed","sticky":false,"template":"","format":"standard","meta":{"sfsi_plus_gutenberg_text_before_share":"","sfsi_plus_gutenberg_show_text_before_share":"","sfsi_plus_gutenberg_icon_type":"","sfsi_plus_gutenberg_icon_alignemt":"","sfsi_plus_gutenburg_max_per_row":"","footnotes":""},"categories":[14],"tags":[],"class_list":["post-186656","post","type-post","status-publish","format-standard","has-post-thumbnail","hentry","category-educacao"],"_links":{"self":[{"href":"https:\/\/www.caririemacao.com\/1\/wp-json\/wp\/v2\/posts\/186656","targetHints":{"allow":["GET"]}}],"collection":[{"href":"https:\/\/www.caririemacao.com\/1\/wp-json\/wp\/v2\/posts"}],"about":[{"href":"https:\/\/www.caririemacao.com\/1\/wp-json\/wp\/v2\/types\/post"}],"author":[{"embeddable":true,"href":"https:\/\/www.caririemacao.com\/1\/wp-json\/wp\/v2\/users\/2"}],"replies":[{"embeddable":true,"href":"https:\/\/www.caririemacao.com\/1\/wp-json\/wp\/v2\/comments?post=186656"}],"version-history":[{"count":1,"href":"https:\/\/www.caririemacao.com\/1\/wp-json\/wp\/v2\/posts\/186656\/revisions"}],"predecessor-version":[{"id":186657,"href":"https:\/\/www.caririemacao.com\/1\/wp-json\/wp\/v2\/posts\/186656\/revisions\/186657"}],"wp:featuredmedia":[{"embeddable":true,"href":"https:\/\/www.caririemacao.com\/1\/wp-json\/wp\/v2\/media\/186155"}],"wp:attachment":[{"href":"https:\/\/www.caririemacao.com\/1\/wp-json\/wp\/v2\/media?parent=186656"}],"wp:term":[{"taxonomy":"category","embeddable":true,"href":"https:\/\/www.caririemacao.com\/1\/wp-json\/wp\/v2\/categories?post=186656"},{"taxonomy":"post_tag","embeddable":true,"href":"https:\/\/www.caririemacao.com\/1\/wp-json\/wp\/v2\/tags?post=186656"}],"curies":[{"name":"wp","href":"https:\/\/api.w.org\/{rel}","templated":true}]}}