{"id":186662,"date":"2020-09-02T14:09:37","date_gmt":"2020-09-02T17:09:37","guid":{"rendered":"https:\/\/www.caririemacao.com\/1\/?p=186662"},"modified":"2020-09-02T14:09:37","modified_gmt":"2020-09-02T17:09:37","slug":"convencao-do-pl-pt-e-cidadania-confirmara-pre-candidatura-de-eden-duarte-a-reeleicao-em-sume","status":"publish","type":"post","link":"https:\/\/www.caririemacao.com\/1\/2020\/09\/02\/convencao-do-pl-pt-e-cidadania-confirmara-pre-candidatura-de-eden-duarte-a-reeleicao-em-sume\/","title":{"rendered":"Conven\u00e7\u00e3o do PL, PT e Cidadania confirmar\u00e1 pr\u00e9-candidatura de \u00c9den Duarte \u00e0 reelei\u00e7\u00e3o em Sum\u00e9"},"content":{"rendered":"\n<p>O Partido Liberal, o PT e o Cidadania realizam no pr\u00f3ximo s\u00e1bado dia 12 de setembro em Sum\u00e9, com in\u00edcio \u00e0s 9h, na Quadra Poliesportiva Eliaz\u00e1rio Pereira \u201c O Ded\u00e3o\u201d, situada no bairro de V\u00e1rzea Redonda, a conven\u00e7\u00e3o para oficializar a escolha dos candidatos aos cargos de prefeito, vice-prefeito e os vereadores para elei\u00e7\u00f5es marcadas para o dia 15 de novembro.<\/p>\n\n\n\n<p>A conven\u00e7\u00e3o ir\u00e1 oficializar o nome do atual prefeito \u00c9den Duarte (PL), como pr\u00e9-candidato a reelei\u00e7\u00e3o, al\u00e9m do nome do vice-prefeito, que at\u00e9 o momento n\u00e3o foi definido pelo grupo.<\/p>\n\n\n\n<p>No evento acontece ainda, delibera\u00e7\u00e3o sobre propostas de coliga\u00e7\u00f5es e outras agremia\u00e7\u00f5es, sorteio dos n\u00fameros dos candidatos e debates sobre outros temas.<\/p>\n\n\n\n<p>Em virtude da pandemia do coronav\u00edrus, a conven\u00e7\u00e3o obedecer\u00e1 \u00e0s normas estabelecidas pela Vigil\u00e2ncia Sanit\u00e1ria Municipal, com distanciamento social, sendo disponibilizado \u00e1lcool em gel, uso da m\u00e1scara e a participa\u00e7\u00e3o apenas de&nbsp; candidatos e convidados.<\/p>\n\n\n\n<p>A conven\u00e7\u00e3o ser\u00e1 transmitia nas redes sociais.<\/p>\n\n\n\n<p><strong><em>Not\u00edcias em Destaque<\/em><\/strong><\/p>\n","protected":false},"excerpt":{"rendered":"<p>O Partido Liberal, o PT e o Cidadania realizam no pr\u00f3ximo s\u00e1bado dia 12 de setembro em Sum\u00e9, com in\u00edcio \u00e0s 9h, na Quadra Poliesportiva&hellip; <\/p>\n","protected":false},"author":2,"featured_media":113420,"comment_status":"closed","ping_status":"closed","sticky":false,"template":"","format":"standard","meta":{"sfsi_plus_gutenberg_text_before_share":"","sfsi_plus_gutenberg_show_text_before_share":"","sfsi_plus_gutenberg_icon_type":"","sfsi_plus_gutenberg_icon_alignemt":"","sfsi_plus_gutenburg_max_per_row":"","footnotes":""},"categories":[6,95],"tags":[],"class_list":["post-186662","post","type-post","status-publish","format-standard","has-post-thumbnail","hentry","category-cidades","category-sume"],"_links":{"self":[{"href":"https:\/\/www.caririemacao.com\/1\/wp-json\/wp\/v2\/posts\/186662","targetHints":{"allow":["GET"]}}],"collection":[{"href":"https:\/\/www.caririemacao.com\/1\/wp-json\/wp\/v2\/posts"}],"about":[{"href":"https:\/\/www.caririemacao.com\/1\/wp-json\/wp\/v2\/types\/post"}],"author":[{"embeddable":true,"href":"https:\/\/www.caririemacao.com\/1\/wp-json\/wp\/v2\/users\/2"}],"replies":[{"embeddable":true,"href":"https:\/\/www.caririemacao.com\/1\/wp-json\/wp\/v2\/comments?post=186662"}],"version-history":[{"count":1,"href":"https:\/\/www.caririemacao.com\/1\/wp-json\/wp\/v2\/posts\/186662\/revisions"}],"predecessor-version":[{"id":186663,"href":"https:\/\/www.caririemacao.com\/1\/wp-json\/wp\/v2\/posts\/186662\/revisions\/186663"}],"wp:featuredmedia":[{"embeddable":true,"href":"https:\/\/www.caririemacao.com\/1\/wp-json\/wp\/v2\/media\/113420"}],"wp:attachment":[{"href":"https:\/\/www.caririemacao.com\/1\/wp-json\/wp\/v2\/media?parent=186662"}],"wp:term":[{"taxonomy":"category","embeddable":true,"href":"https:\/\/www.caririemacao.com\/1\/wp-json\/wp\/v2\/categories?post=186662"},{"taxonomy":"post_tag","embeddable":true,"href":"https:\/\/www.caririemacao.com\/1\/wp-json\/wp\/v2\/tags?post=186662"}],"curies":[{"name":"wp","href":"https:\/\/api.w.org\/{rel}","templated":true}]}}