{"id":186681,"date":"2020-09-03T06:21:05","date_gmt":"2020-09-03T09:21:05","guid":{"rendered":"https:\/\/www.caririemacao.com\/1\/?p=186681"},"modified":"2020-09-03T06:21:05","modified_gmt":"2020-09-03T09:21:05","slug":"estou-sendo-condenada-sem-nem-ter-direito-a-julgamento-diz-deputada-flordelis","status":"publish","type":"post","link":"https:\/\/www.caririemacao.com\/1\/2020\/09\/03\/estou-sendo-condenada-sem-nem-ter-direito-a-julgamento-diz-deputada-flordelis\/","title":{"rendered":"&#8216;Estou sendo condenada sem nem ter direito a julgamento&#8217;, diz deputada Flordelis"},"content":{"rendered":"\n<h1 class=\"wp-block-heading\"><\/h1>\n\n\n\n<p>Essa foi a primeira publica\u00e7\u00e3o da parlamentar desde o in\u00edcio da \u00faltima semana, quando a Promotoria apresentou a den\u00fancia contra ela. Na ocasi\u00e3o, a Pol\u00edcia Civil e Minist\u00e9rio P\u00fablico deram detalhes do caso, como a tentativa da deputada de colocar ars\u00eanico na comida do marido para tentar mat\u00e1-lo.<\/p>\n\n\n\n<p>Na segunda-feira (31), Flordelis havia dado entrevista ao programa &#8220;Conex\u00e3o Rep\u00f3rter&#8221;, do SBT, a primeira depois de ter sido denunciada, e afirmara ser inocente.<\/p>\n\n\n\n<p>&#8220;Estou vivendo o pior momento da minha vida. N\u00e3o estou preparada para ser presa, e n\u00e3o vou ser. Porque eu sou inocente, e a minha inoc\u00eancia ser\u00e1 provada. Eu n\u00e3o matei, eu n\u00e3o fiz isso de que est\u00e3o me acusando. Eu n\u00e3o fiz. N\u00e3o \u00e9 real, n\u00e3o \u00e9 verdade. \u00c9 uma injusti\u00e7a&#8221;, disse ela ao programa.<\/p>\n\n\n\n<p>J\u00e1 a mensagem de Flordelis na internet foi publicada com uma foto que traz uma passagem b\u00edblica. &#8220;Muito tem sido dito na m\u00eddia, das formas mais cru\u00e9is, sem que eu tenha qualquer chance de defesa. Estou sendo condenada sem nem ter direito a julgamento. Eu n\u00e3o tenho o que esconder, eu n\u00e3o mandei matar o meu marido. Se algu\u00e9m perdeu com a morte dele, fui eu, ele era tudo pra mim, meu companheiro que me ajudava e me guiava, inclusive em todos os aspectos pr\u00e1ticos da vida&#8221;, escreveu a deputada.<\/p>\n\n\n\n<p>A publica\u00e7\u00e3o da deputada ocorreu no mesmo dia em que a Mesa Diretora da C\u00e2mara dos Deputados iniciou o processo que pode levar \u00e0 cassa\u00e7\u00e3o da parlamentar.<\/p>\n\n\n\n<p>Os deputados tamb\u00e9m decidiram apresentar um projeto de resolu\u00e7\u00e3o para reativar o Conselho de \u00c9tica e Decoro Parlamentar, no qual a abertura da a\u00e7\u00e3o contra Flordelis ser\u00e1 analisada. Na semana passada, o Partido Social Democr\u00e1tico (PSD) decidiu suspender a filia\u00e7\u00e3o da deputada.<\/p>\n\n\n\n<p>Na publica\u00e7\u00e3o nesta quarta, Flordelis diz que a verdade prevalecer\u00e1. &#8220;Olhem para a minha trajet\u00f3ria at\u00e9 agora, n\u00e3o h\u00e1 nada do que possam me acusar, sempre fui uma serva de Deus, vivendo o caminho que Ele tra\u00e7ou para mim. Antes de me sentenciarem, me deem o direito de defesa&#8221;, escreve.<\/p>\n\n\n\n<p>A publica\u00e7\u00e3o tinha 5.800 coment\u00e1rios no Facebook apenas at\u00e9 esta manh\u00e3 de quarta. A maioria deles continha cr\u00edticas. J\u00e1 no Instagram, havia 21 coment\u00e1rios todos dando apoio \u00e0 deputada.<\/p>\n\n\n\n<p>Na semana passada, a parlamentar e a fam\u00edlia foram alvos de uma opera\u00e7\u00e3o do Minist\u00e9rio P\u00fablico estadual (MP-RJ) e a Delegacia de Homic\u00eddios de Niter\u00f3i, S\u00e3o Gon\u00e7alo e Itabora\u00ed (DHNSGI). Na ocasi\u00e3o, ela foi apontada como a respons\u00e1vel pelo assassinato do marido. Sete filhos, sendo tr\u00eas deles biol\u00f3gicos, al\u00e9m de uma neta da deputada, tamb\u00e9m foram acusados pelo crime e est\u00e3o presos.<\/p>\n\n\n\n<p>O pastor Anderson do Carmo foi assassinado depois de chegar em casa com Flordelis, em Niter\u00f3i, na regi\u00e3o metropolitana do Rio, em junho do ano passado. Ele foi alvo de v\u00e1rios tiros na garagem da resid\u00eancia.<\/p>\n\n\n\n<p>Na ocasi\u00e3o, Flordelis afirmou que o marido tinha sido morto durante um assalto e alegou que o casal estava sendo seguido por homens em uma moto quando voltavam para casa.<br>Procurada para comentar a publica\u00e7\u00e3o da parlamentar, a defesa da deputada n\u00e3o se manifestou at\u00e9 a publica\u00e7\u00e3o deste texto.<\/p>\n","protected":false},"excerpt":{"rendered":"<p>Essa foi a primeira publica\u00e7\u00e3o da parlamentar desde o in\u00edcio da \u00faltima semana, quando a Promotoria apresentou a den\u00fancia contra ela. Na ocasi\u00e3o, a Pol\u00edcia&hellip; <\/p>\n","protected":false},"author":2,"featured_media":186682,"comment_status":"closed","ping_status":"closed","sticky":false,"template":"","format":"standard","meta":{"sfsi_plus_gutenberg_text_before_share":"","sfsi_plus_gutenberg_show_text_before_share":"","sfsi_plus_gutenberg_icon_type":"","sfsi_plus_gutenberg_icon_alignemt":"","sfsi_plus_gutenburg_max_per_row":"","footnotes":""},"categories":[50,2],"tags":[],"class_list":["post-186681","post","type-post","status-publish","format-standard","has-post-thumbnail","hentry","category-destaque","category-geral"],"_links":{"self":[{"href":"https:\/\/www.caririemacao.com\/1\/wp-json\/wp\/v2\/posts\/186681","targetHints":{"allow":["GET"]}}],"collection":[{"href":"https:\/\/www.caririemacao.com\/1\/wp-json\/wp\/v2\/posts"}],"about":[{"href":"https:\/\/www.caririemacao.com\/1\/wp-json\/wp\/v2\/types\/post"}],"author":[{"embeddable":true,"href":"https:\/\/www.caririemacao.com\/1\/wp-json\/wp\/v2\/users\/2"}],"replies":[{"embeddable":true,"href":"https:\/\/www.caririemacao.com\/1\/wp-json\/wp\/v2\/comments?post=186681"}],"version-history":[{"count":1,"href":"https:\/\/www.caririemacao.com\/1\/wp-json\/wp\/v2\/posts\/186681\/revisions"}],"predecessor-version":[{"id":186683,"href":"https:\/\/www.caririemacao.com\/1\/wp-json\/wp\/v2\/posts\/186681\/revisions\/186683"}],"wp:featuredmedia":[{"embeddable":true,"href":"https:\/\/www.caririemacao.com\/1\/wp-json\/wp\/v2\/media\/186682"}],"wp:attachment":[{"href":"https:\/\/www.caririemacao.com\/1\/wp-json\/wp\/v2\/media?parent=186681"}],"wp:term":[{"taxonomy":"category","embeddable":true,"href":"https:\/\/www.caririemacao.com\/1\/wp-json\/wp\/v2\/categories?post=186681"},{"taxonomy":"post_tag","embeddable":true,"href":"https:\/\/www.caririemacao.com\/1\/wp-json\/wp\/v2\/tags?post=186681"}],"curies":[{"name":"wp","href":"https:\/\/api.w.org\/{rel}","templated":true}]}}