{"id":186688,"date":"2020-09-03T06:25:53","date_gmt":"2020-09-03T09:25:53","guid":{"rendered":"https:\/\/www.caririemacao.com\/1\/?p=186688"},"modified":"2020-09-03T06:25:53","modified_gmt":"2020-09-03T09:25:53","slug":"covid-19-brasil-tem-menor-taxa-de-contagio-desde-o-final-de-abril","status":"publish","type":"post","link":"https:\/\/www.caririemacao.com\/1\/2020\/09\/03\/covid-19-brasil-tem-menor-taxa-de-contagio-desde-o-final-de-abril\/","title":{"rendered":"Covid-19: Brasil tem menor taxa de cont\u00e1gio desde o final de abril"},"content":{"rendered":"\n<h1 class=\"wp-block-heading\"><\/h1>\n\n\n\n<p>A taxa de transmiss\u00e3o (Rt) brasileira estimada pelo centro de acompanhamento de epidemias brit\u00e2nico \u00e9 a menor desde o final de abril.<\/p>\n\n\n\n<p>O \u00edndice agora \u00e9 de 0,94, o que significa que cada 100 contaminados passam o coronav\u00edrus para outros 94, que por sua vez transmitem a doen\u00e7a para mais 88, reduzindo progressivamente o alcance da doen\u00e7a.<\/p>\n\n\n\n<p>Peru e Bol\u00edvia (ambos com 0,88), Col\u00f4mbia (0,92), Equador (0,94) e Chile (0,97) tamb\u00e9m est\u00e3o no grupo dos sul-americanos que veem a transmiss\u00e3o em desacelera\u00e7\u00e3o.<\/p>\n\n\n\n<p>Desses, o Chile \u00e9 o que registra h\u00e1 mais tempo \u00edndices favor\u00e1veis: est\u00e1 \u00e9 a d\u00e9cima semana seguida em que o Rt chileno n\u00e3o sobe acima de 1.<\/p>\n\n\n\n<p>Venezuela (1,06), Argentina (1,09) e Paraguai (1,32) registram acelera\u00e7\u00e3o do cont\u00e1gio, de acordo com os c\u00e1lculos do Imperial College, feitos a partir do n\u00famero de mortes informadas.<\/p>\n\n\n\n<p>Apesar das boas not\u00edcias, a Opas (bra\u00e7o americano da Organiza\u00e7\u00e3o Mundial da Sa\u00fade) afirmou nesta quarta (2) que os pa\u00edses n\u00e3o podem relaxar sua vigil\u00e2ncia.<\/p>\n\n\n\n<p>\u201cNingu\u00e9m deve cantar vit\u00f3ria. Mesmo os que experimentam redu\u00e7\u00e3o nos n\u00fameros n\u00e3o est\u00e3o fora de perigo. Ainda h\u00e1 \u00e1reas em que a popula\u00e7\u00e3o est\u00e1 exposta\u201d, afirmou o diretor de doen\u00e7as transmiss\u00edveis da entidade, Marcos Espinal.<\/p>\n\n\n\n<p>Ao todo, o n\u00famero de pa\u00edses acompanhados pelo Imperial College por estarem com transmiss\u00e3o ativa (ou seja, ao menos dez mortes em cada uma das duas \u00faltimas semanas) continua crescendo. Eram 51 na primeira semana de maio e agora s\u00e3o 72.<\/p>\n\n\n\n<p>O Imperial College calcula a taxa de transmiss\u00e3o com base no n\u00famero de mortes reportadas, porque o dado \u00e9 menos sujeito a subnotifica\u00e7\u00f5es que o de casos registrados; como h\u00e1 uma defasagem entre o momento do cont\u00e1gio e a morte, mudan\u00e7as nas pol\u00edticas de combate \u00e0 epidemia levam em m\u00e9dia duas semanas para se refletirem nos c\u00e1lculos.<\/p>\n\n\n\n<p>Com base no n\u00famero de mortos, o Imperial College tamb\u00e9m estima a acur\u00e1cia do n\u00famero de casos informados pelos pa\u00edses.<\/p>\n\n\n\n<p>Este indicador no caso brasileiro \u00e9 de 64% nesta semana, ou seja, o pa\u00eds registra cerca de dois ter\u00e7os dos casos de Covid-19.<\/p>\n\n\n\n<p>Na pondera\u00e7\u00e3o pela popula\u00e7\u00e3o, o Brasil continuou reduzindo o n\u00famero de novos casos por 100 mil habitantes.<\/p>\n\n\n\n<p>Nos 14 dias encerrados nesta quarta (2), foram 257 novos casos por 100 mil habitantes, contra 268\/100 mil na semana anterior e dos 291\/100 mil registrados h\u00e1 um m\u00eas.<\/p>\n\n\n\n<p>Na \u00faltima quinzena, Argentina, Col\u00f4mbia e Peru registraram maior propor\u00e7\u00e3o de novos casos por habitante que o Brasil.<\/p>\n\n\n\n<p>Com exce\u00e7\u00e3o do Uruguai e da Guiana, que registram apenas focos isolados, todos os pa\u00edses sul-americanos apresentam transmiss\u00e3o comunit\u00e1ria, segundo relat\u00f3rio semanal divulgado pela OMS nesta segunda (31).<\/p>\n","protected":false},"excerpt":{"rendered":"<p>A taxa de transmiss\u00e3o (Rt) brasileira estimada pelo centro de acompanhamento de epidemias brit\u00e2nico \u00e9 a menor desde o final de abril. O \u00edndice agora&hellip; <\/p>\n","protected":false},"author":2,"featured_media":186689,"comment_status":"closed","ping_status":"closed","sticky":false,"template":"","format":"standard","meta":{"sfsi_plus_gutenberg_text_before_share":"","sfsi_plus_gutenberg_show_text_before_share":"","sfsi_plus_gutenberg_icon_type":"","sfsi_plus_gutenberg_icon_alignemt":"","sfsi_plus_gutenburg_max_per_row":"","footnotes":""},"categories":[50,16],"tags":[],"class_list":["post-186688","post","type-post","status-publish","format-standard","has-post-thumbnail","hentry","category-destaque","category-saude"],"_links":{"self":[{"href":"https:\/\/www.caririemacao.com\/1\/wp-json\/wp\/v2\/posts\/186688","targetHints":{"allow":["GET"]}}],"collection":[{"href":"https:\/\/www.caririemacao.com\/1\/wp-json\/wp\/v2\/posts"}],"about":[{"href":"https:\/\/www.caririemacao.com\/1\/wp-json\/wp\/v2\/types\/post"}],"author":[{"embeddable":true,"href":"https:\/\/www.caririemacao.com\/1\/wp-json\/wp\/v2\/users\/2"}],"replies":[{"embeddable":true,"href":"https:\/\/www.caririemacao.com\/1\/wp-json\/wp\/v2\/comments?post=186688"}],"version-history":[{"count":1,"href":"https:\/\/www.caririemacao.com\/1\/wp-json\/wp\/v2\/posts\/186688\/revisions"}],"predecessor-version":[{"id":186690,"href":"https:\/\/www.caririemacao.com\/1\/wp-json\/wp\/v2\/posts\/186688\/revisions\/186690"}],"wp:featuredmedia":[{"embeddable":true,"href":"https:\/\/www.caririemacao.com\/1\/wp-json\/wp\/v2\/media\/186689"}],"wp:attachment":[{"href":"https:\/\/www.caririemacao.com\/1\/wp-json\/wp\/v2\/media?parent=186688"}],"wp:term":[{"taxonomy":"category","embeddable":true,"href":"https:\/\/www.caririemacao.com\/1\/wp-json\/wp\/v2\/categories?post=186688"},{"taxonomy":"post_tag","embeddable":true,"href":"https:\/\/www.caririemacao.com\/1\/wp-json\/wp\/v2\/tags?post=186688"}],"curies":[{"name":"wp","href":"https:\/\/api.w.org\/{rel}","templated":true}]}}