{"id":186692,"date":"2020-09-03T06:28:00","date_gmt":"2020-09-03T09:28:00","guid":{"rendered":"https:\/\/www.caririemacao.com\/1\/?p=186692"},"modified":"2020-09-03T06:28:00","modified_gmt":"2020-09-03T09:28:00","slug":"presidente-do-botafogo-pb-renuncia-ao-cargo-e-aumenta-crise-no-clube","status":"publish","type":"post","link":"https:\/\/www.caririemacao.com\/1\/2020\/09\/03\/presidente-do-botafogo-pb-renuncia-ao-cargo-e-aumenta-crise-no-clube\/","title":{"rendered":"Presidente do Botafogo-PB renuncia ao cargo e aumenta crise no clube"},"content":{"rendered":"\n<h1 class=\"wp-block-heading\"><\/h1>\n\n\n\n<p>Um movimento inesperado pegou o futebol paraibano de surpresa na noite desta quarta-feira (02).&nbsp;Ap\u00f3s um acordo selar a paz pol\u00edtica no Botafogo-PB na ter\u00e7a (01), h\u00e1 poucos instantes o presidente S\u00e9rgio Meira decidiu renunciar ao cargo de mandat\u00e1rio do Belo atrav\u00e9s de documento que foi divulgado pela assessoria do clube.<\/p>\n\n\n\n<p>Agora, o compromisso firmado entre as duas vertentes pol\u00edticas da Maravilha do Contorno est\u00e1 desfeito.<\/p>\n\n\n\n<p>Alexandre Cavalcanti, nome da oposi\u00e7\u00e3o que dialogou diretamente com o, agora, antigo mandat\u00e1rio do Belo, explicou que seu grupo est\u00e1 fora da administra\u00e7\u00e3o, agora comandada por Orlando Soares, vice presidente Administrativo do clube.<\/p>\n\n\n\n<p>\u2013 Com a sa\u00edda de S\u00e9rgio, o acordo est\u00e1 desfeito. N\u00f3s fizemos um acordo com ele. No momento em que ele saiu, n\u00e3o faz sentido a gente ficar no clube. Infelizmente aconteceram alguma coisa que n\u00e3o sei dizer o que foi, s\u00f3 o pr\u00f3prio S\u00e9rgio pode explicar. Infelizmente, vamos sair todos. Vamos ver como vai ficar da\u00ed para frente \u2013 disse.<\/p>\n\n\n\n<p>No documento, S\u00e9rgio Meira, eleito no fim de 2018 e com mandato at\u00e9 o fim do m\u00eas de outubro deste ano, agradeceu ao apoio da imprensa, amigos e fam\u00edlia durante o per\u00edodo e pediu desculpas para os que o incentivaram na empreitada.<\/p>\n\n\n\n<figure class=\"wp-block-image\"><img decoding=\"async\" data-src=\"https:\/\/paraibaonline.com.br\/wp-content\/uploads\/2020\/09\/nota-287x417.png\" alt=\"\" class=\"wp-image-924413 lazyload\" src=\"data:image\/svg+xml;base64,PHN2ZyB3aWR0aD0iMSIgaGVpZ2h0PSIxIiB4bWxucz0iaHR0cDovL3d3dy53My5vcmcvMjAwMC9zdmciPjwvc3ZnPg==\" style=\"--smush-placeholder-width: 287px; --smush-placeholder-aspect-ratio: 287\/417;\" \/><\/figure>\n\n\n\n<p>Caso Orlando Soares renuncie a presid\u00eancia tempor\u00e1ria, o Conselho Administrativo do Botafogo-PB ter\u00e1 de convocar novas elei\u00e7\u00f5es para que o mandato seja cumprido at\u00e9 o fim de outubro, quando ocorre o pleito para a dire\u00e7\u00e3o executiva ou para antecipa\u00e7\u00e3o da mesma para que o novo mandat\u00e1rio da pr\u00f3xima gest\u00e3o seja escolhido.<\/p>\n\n\n\n<p>Em meio ao furac\u00e3o que se passa nos bastidores da Maravilha do Contorno, a delega\u00e7\u00e3o botafoguense encontra-se em Bras\u00edlia, de onde parte na quinta-feira (03) para o Maranh\u00e3o, onde enfrentar\u00e1 o Imperatriz-MA, no s\u00e1bado (05), pela quinta rodada do Grupo A da S\u00e9rie C. Na chave, o Belo tem 2 pontos em quatro jogos e ocupa a oitava posi\u00e7\u00e3o, a primeira fora da zona de rebaixamento.<\/p>\n\n\n\n<p>Sob a batuta de S\u00e9rgio Meira, o Belo venceu o estadual de 2019 e, no mesmo ano, foi vice-campe\u00e3o da Copa do Nordeste. Este ano, contrata\u00e7\u00f5es equivocadas, crise financeira e pol\u00edtica culminaram na elimina\u00e7\u00e3o na semifinal do estadual para o Treze, o que desencadeou de vez a turbul\u00eancia institucional do clube da estrela vermelha, que navega sem rumo um ano ap\u00f3s a temporada em que mais arrecadou para os cofres em sua hist\u00f3ria.<\/p>\n","protected":false},"excerpt":{"rendered":"<p>Um movimento inesperado pegou o futebol paraibano de surpresa na noite desta quarta-feira (02).&nbsp;Ap\u00f3s um acordo selar a paz pol\u00edtica no Botafogo-PB na ter\u00e7a (01),&hellip; <\/p>\n","protected":false},"author":2,"featured_media":186693,"comment_status":"closed","ping_status":"closed","sticky":false,"template":"","format":"standard","meta":{"sfsi_plus_gutenberg_text_before_share":"","sfsi_plus_gutenberg_show_text_before_share":"","sfsi_plus_gutenberg_icon_type":"","sfsi_plus_gutenberg_icon_alignemt":"","sfsi_plus_gutenburg_max_per_row":"","footnotes":""},"categories":[13],"tags":[],"class_list":["post-186692","post","type-post","status-publish","format-standard","has-post-thumbnail","hentry","category-esportes"],"_links":{"self":[{"href":"https:\/\/www.caririemacao.com\/1\/wp-json\/wp\/v2\/posts\/186692","targetHints":{"allow":["GET"]}}],"collection":[{"href":"https:\/\/www.caririemacao.com\/1\/wp-json\/wp\/v2\/posts"}],"about":[{"href":"https:\/\/www.caririemacao.com\/1\/wp-json\/wp\/v2\/types\/post"}],"author":[{"embeddable":true,"href":"https:\/\/www.caririemacao.com\/1\/wp-json\/wp\/v2\/users\/2"}],"replies":[{"embeddable":true,"href":"https:\/\/www.caririemacao.com\/1\/wp-json\/wp\/v2\/comments?post=186692"}],"version-history":[{"count":1,"href":"https:\/\/www.caririemacao.com\/1\/wp-json\/wp\/v2\/posts\/186692\/revisions"}],"predecessor-version":[{"id":186694,"href":"https:\/\/www.caririemacao.com\/1\/wp-json\/wp\/v2\/posts\/186692\/revisions\/186694"}],"wp:featuredmedia":[{"embeddable":true,"href":"https:\/\/www.caririemacao.com\/1\/wp-json\/wp\/v2\/media\/186693"}],"wp:attachment":[{"href":"https:\/\/www.caririemacao.com\/1\/wp-json\/wp\/v2\/media?parent=186692"}],"wp:term":[{"taxonomy":"category","embeddable":true,"href":"https:\/\/www.caririemacao.com\/1\/wp-json\/wp\/v2\/categories?post=186692"},{"taxonomy":"post_tag","embeddable":true,"href":"https:\/\/www.caririemacao.com\/1\/wp-json\/wp\/v2\/tags?post=186692"}],"curies":[{"name":"wp","href":"https:\/\/api.w.org\/{rel}","templated":true}]}}