{"id":186696,"date":"2020-09-03T07:36:19","date_gmt":"2020-09-03T10:36:19","guid":{"rendered":"https:\/\/www.caririemacao.com\/1\/?p=186696"},"modified":"2020-09-03T07:36:19","modified_gmt":"2020-09-03T10:36:19","slug":"republicanos-de-sao-joao-do-tigre-confirma-convencao-municipal-para-o-proximo-domingo-2","status":"publish","type":"post","link":"https:\/\/www.caririemacao.com\/1\/2020\/09\/03\/republicanos-de-sao-joao-do-tigre-confirma-convencao-municipal-para-o-proximo-domingo-2\/","title":{"rendered":"REPUBLICANOS de S\u00e3o Jo\u00e3o do Tigre confirma conven\u00e7\u00e3o municipal para o pr\u00f3ximo Domingo"},"content":{"rendered":"\n<h1 class=\"wp-block-heading\"><\/h1>\n\n\n\n<p>O partido REPUBLICANOS de S\u00e3o Jo\u00e3o do Tigre confirmou a data e o detalhes da sua conven\u00e7\u00e3o municipal.<\/p>\n\n\n\n<p>O evento ir\u00e1 ocorrer no dia 06 de Setembro, pr\u00f3ximo domingo no Gin\u00e1sio Poliesportivo de S\u00e3o Jo\u00e3o do Tigre.<\/p>\n\n\n\n<p>Na ocasi\u00e3o, ser\u00e3o confirmados os pr\u00e9-candidatos a prefeito e vice na chapa majorit\u00e1ria, M\u00e1rcio Leite e Beto Zuza respectivamente, al\u00e9m da composi\u00e7\u00e3o da proporcional, com o nome de todos os futuros candidatos a vereadores.<\/p>\n\n\n\n<p>A conven\u00e7\u00e3o do REPUBLICANOS come\u00e7ar\u00e1 \u00e0s 16 horas e ter\u00e1 transmiss\u00e3o ao vivo pelas plataformas digitais, em especial nas p\u00e1ginas de facebook.<\/p>\n\n\n\n<p>M\u00e1rcio leite confirmou que o evento seguir\u00e1 todos os protocolos sanit\u00e1rios, estabelecidos pelos \u00f3rg\u00e3os de sa\u00fade.<\/p>\n","protected":false},"excerpt":{"rendered":"<p>O partido REPUBLICANOS de S\u00e3o Jo\u00e3o do Tigre confirmou a data e o detalhes da sua conven\u00e7\u00e3o municipal. O evento ir\u00e1 ocorrer no dia 06&hellip; <\/p>\n","protected":false},"author":2,"featured_media":186697,"comment_status":"closed","ping_status":"closed","sticky":false,"template":"","format":"standard","meta":{"sfsi_plus_gutenberg_text_before_share":"","sfsi_plus_gutenberg_show_text_before_share":"","sfsi_plus_gutenberg_icon_type":"","sfsi_plus_gutenberg_icon_alignemt":"","sfsi_plus_gutenburg_max_per_row":"","footnotes":""},"categories":[50,2],"tags":[],"class_list":["post-186696","post","type-post","status-publish","format-standard","has-post-thumbnail","hentry","category-destaque","category-geral"],"_links":{"self":[{"href":"https:\/\/www.caririemacao.com\/1\/wp-json\/wp\/v2\/posts\/186696","targetHints":{"allow":["GET"]}}],"collection":[{"href":"https:\/\/www.caririemacao.com\/1\/wp-json\/wp\/v2\/posts"}],"about":[{"href":"https:\/\/www.caririemacao.com\/1\/wp-json\/wp\/v2\/types\/post"}],"author":[{"embeddable":true,"href":"https:\/\/www.caririemacao.com\/1\/wp-json\/wp\/v2\/users\/2"}],"replies":[{"embeddable":true,"href":"https:\/\/www.caririemacao.com\/1\/wp-json\/wp\/v2\/comments?post=186696"}],"version-history":[{"count":1,"href":"https:\/\/www.caririemacao.com\/1\/wp-json\/wp\/v2\/posts\/186696\/revisions"}],"predecessor-version":[{"id":186698,"href":"https:\/\/www.caririemacao.com\/1\/wp-json\/wp\/v2\/posts\/186696\/revisions\/186698"}],"wp:featuredmedia":[{"embeddable":true,"href":"https:\/\/www.caririemacao.com\/1\/wp-json\/wp\/v2\/media\/186697"}],"wp:attachment":[{"href":"https:\/\/www.caririemacao.com\/1\/wp-json\/wp\/v2\/media?parent=186696"}],"wp:term":[{"taxonomy":"category","embeddable":true,"href":"https:\/\/www.caririemacao.com\/1\/wp-json\/wp\/v2\/categories?post=186696"},{"taxonomy":"post_tag","embeddable":true,"href":"https:\/\/www.caririemacao.com\/1\/wp-json\/wp\/v2\/tags?post=186696"}],"curies":[{"name":"wp","href":"https:\/\/api.w.org\/{rel}","templated":true}]}}