{"id":186706,"date":"2020-09-03T07:49:40","date_gmt":"2020-09-03T10:49:40","guid":{"rendered":"https:\/\/www.caririemacao.com\/1\/?p=186706"},"modified":"2020-09-03T07:49:40","modified_gmt":"2020-09-03T10:49:40","slug":"vitima-de-arrastao-e-baleada-apos-perseguir-assaltantes-na-paraiba","status":"publish","type":"post","link":"https:\/\/www.caririemacao.com\/1\/2020\/09\/03\/vitima-de-arrastao-e-baleada-apos-perseguir-assaltantes-na-paraiba\/","title":{"rendered":"V\u00edtima de arrast\u00e3o \u00e9 baleada ap\u00f3s perseguir assaltantes na Para\u00edba"},"content":{"rendered":"\n<h1 class=\"wp-block-heading\"><\/h1>\n\n\n\n<p>na noite desta ter\u00e7a-feira (1\u00ba), um homem foi baleado no bairro das Ind\u00fastrias, em Jo\u00e3o Pessoa. Tudo ocorreu ap\u00f3s ele ser v\u00edtima de&nbsp;um arrast\u00e3o. De acordo com informa\u00e7\u00f5es da Pol\u00edcia Militar, dois homens em uma moto praticaram uma s\u00e9rie de assaltos no bairro. Ap\u00f3s tomarem seu celular, o homem entrou em um carro e perseguiu os assaltantes.<\/p>\n\n\n\n<p>Em determinado momento, a v\u00edtima jogou o ve\u00edculo por cima da dupla e conseguiu derrub\u00e1-los. Foi quando um dos&nbsp;assaltantes reagiu atirando. A&nbsp;bala transfixou a lataria do carro e atingiu o bra\u00e7o e o abd\u00f4men da v\u00edtima. Apesar do ferimento, ele foi socorrido consciente e orientado para o hospital de emerg\u00eancia e trauma de Jo\u00e3o Pessoa.<\/p>\n\n\n\n<p>A dupla tentou fugir, no entanto, no meio do caminho, se deparou com uma viatura policial que deu ordem de parada. A ordem n\u00e3o foi obedecida e a equipe entrou em persegui\u00e7\u00e3o. Os assaltantes ca\u00edram novamente da moto e receberam voz de pris\u00e3o. Com eles a pol\u00edcia conseguiu encontrar seis celulares e uma pistola com cinco muni\u00e7\u00f5es, tr\u00eas delas deflagradas. A dupla foi encaminhada para a Central de Flagrantes, no bairro do Geisel, Zona Sul da capital.<\/p>\n","protected":false},"excerpt":{"rendered":"<p>na noite desta ter\u00e7a-feira (1\u00ba), um homem foi baleado no bairro das Ind\u00fastrias, em Jo\u00e3o Pessoa. Tudo ocorreu ap\u00f3s ele ser v\u00edtima de&nbsp;um arrast\u00e3o. De&hellip; <\/p>\n","protected":false},"author":2,"featured_media":186707,"comment_status":"closed","ping_status":"closed","sticky":false,"template":"","format":"standard","meta":{"sfsi_plus_gutenberg_text_before_share":"","sfsi_plus_gutenberg_show_text_before_share":"","sfsi_plus_gutenberg_icon_type":"","sfsi_plus_gutenberg_icon_alignemt":"","sfsi_plus_gutenburg_max_per_row":"","footnotes":""},"categories":[50,12],"tags":[],"class_list":["post-186706","post","type-post","status-publish","format-standard","has-post-thumbnail","hentry","category-destaque","category-policia"],"_links":{"self":[{"href":"https:\/\/www.caririemacao.com\/1\/wp-json\/wp\/v2\/posts\/186706","targetHints":{"allow":["GET"]}}],"collection":[{"href":"https:\/\/www.caririemacao.com\/1\/wp-json\/wp\/v2\/posts"}],"about":[{"href":"https:\/\/www.caririemacao.com\/1\/wp-json\/wp\/v2\/types\/post"}],"author":[{"embeddable":true,"href":"https:\/\/www.caririemacao.com\/1\/wp-json\/wp\/v2\/users\/2"}],"replies":[{"embeddable":true,"href":"https:\/\/www.caririemacao.com\/1\/wp-json\/wp\/v2\/comments?post=186706"}],"version-history":[{"count":1,"href":"https:\/\/www.caririemacao.com\/1\/wp-json\/wp\/v2\/posts\/186706\/revisions"}],"predecessor-version":[{"id":186708,"href":"https:\/\/www.caririemacao.com\/1\/wp-json\/wp\/v2\/posts\/186706\/revisions\/186708"}],"wp:featuredmedia":[{"embeddable":true,"href":"https:\/\/www.caririemacao.com\/1\/wp-json\/wp\/v2\/media\/186707"}],"wp:attachment":[{"href":"https:\/\/www.caririemacao.com\/1\/wp-json\/wp\/v2\/media?parent=186706"}],"wp:term":[{"taxonomy":"category","embeddable":true,"href":"https:\/\/www.caririemacao.com\/1\/wp-json\/wp\/v2\/categories?post=186706"},{"taxonomy":"post_tag","embeddable":true,"href":"https:\/\/www.caririemacao.com\/1\/wp-json\/wp\/v2\/tags?post=186706"}],"curies":[{"name":"wp","href":"https:\/\/api.w.org\/{rel}","templated":true}]}}