{"id":186712,"date":"2020-09-03T08:00:12","date_gmt":"2020-09-03T11:00:12","guid":{"rendered":"https:\/\/www.caririemacao.com\/1\/?p=186712"},"modified":"2020-09-03T08:00:12","modified_gmt":"2020-09-03T11:00:12","slug":"neymar-testa-positivo-para-coronavirus-diz-jornal","status":"publish","type":"post","link":"https:\/\/www.caririemacao.com\/1\/2020\/09\/03\/neymar-testa-positivo-para-coronavirus-diz-jornal\/","title":{"rendered":"Neymar testa positivo para coronav\u00edrus, diz jornal"},"content":{"rendered":"\n<h1 class=\"wp-block-heading\"><\/h1>\n\n\n\n<p>Na manh\u00e3 desta quarta-feira (2), O Paris Saint-Germain confirmou tr\u00eas casos positivos para coronav\u00edrus em seu elenco, ap\u00f3s testes realizados. De acordo com o jornal franc\u00eas \u201cL\u2019\u00c9quipe\u201d, um deles \u00e9 Neymar. Os outros dois contaminados seriam os argentinos Paredes e Di Mar\u00eda. Todos os tr\u00eas, segundo a publica\u00e7\u00e3o, aproveitaram o descanso antes da pr\u00f3xima temporada na regi\u00e3o de Ibiza, na Espanha. Eles ficar\u00e3o em quarentena por uma semana.<\/p>\n\n\n\n<p>Em nota, o PSG confirmou que os tr\u00eas que testaram positivo ser\u00e3o submetidos ao \u201cprotocolo sanit\u00e1rio apropriado\u201d e que os demais jogadores e funcion\u00e1rios \u201ccontinuar\u00e3o a ser testados nos pr\u00f3ximos dias\u201d.<\/p>\n","protected":false},"excerpt":{"rendered":"<p>Na manh\u00e3 desta quarta-feira (2), O Paris Saint-Germain confirmou tr\u00eas casos positivos para coronav\u00edrus em seu elenco, ap\u00f3s testes realizados. De acordo com o jornal&hellip; <\/p>\n","protected":false},"author":2,"featured_media":186713,"comment_status":"closed","ping_status":"closed","sticky":false,"template":"","format":"standard","meta":{"sfsi_plus_gutenberg_text_before_share":"","sfsi_plus_gutenberg_show_text_before_share":"","sfsi_plus_gutenberg_icon_type":"","sfsi_plus_gutenberg_icon_alignemt":"","sfsi_plus_gutenburg_max_per_row":"","footnotes":""},"categories":[50,13],"tags":[],"class_list":["post-186712","post","type-post","status-publish","format-standard","has-post-thumbnail","hentry","category-destaque","category-esportes"],"_links":{"self":[{"href":"https:\/\/www.caririemacao.com\/1\/wp-json\/wp\/v2\/posts\/186712","targetHints":{"allow":["GET"]}}],"collection":[{"href":"https:\/\/www.caririemacao.com\/1\/wp-json\/wp\/v2\/posts"}],"about":[{"href":"https:\/\/www.caririemacao.com\/1\/wp-json\/wp\/v2\/types\/post"}],"author":[{"embeddable":true,"href":"https:\/\/www.caririemacao.com\/1\/wp-json\/wp\/v2\/users\/2"}],"replies":[{"embeddable":true,"href":"https:\/\/www.caririemacao.com\/1\/wp-json\/wp\/v2\/comments?post=186712"}],"version-history":[{"count":1,"href":"https:\/\/www.caririemacao.com\/1\/wp-json\/wp\/v2\/posts\/186712\/revisions"}],"predecessor-version":[{"id":186714,"href":"https:\/\/www.caririemacao.com\/1\/wp-json\/wp\/v2\/posts\/186712\/revisions\/186714"}],"wp:featuredmedia":[{"embeddable":true,"href":"https:\/\/www.caririemacao.com\/1\/wp-json\/wp\/v2\/media\/186713"}],"wp:attachment":[{"href":"https:\/\/www.caririemacao.com\/1\/wp-json\/wp\/v2\/media?parent=186712"}],"wp:term":[{"taxonomy":"category","embeddable":true,"href":"https:\/\/www.caririemacao.com\/1\/wp-json\/wp\/v2\/categories?post=186712"},{"taxonomy":"post_tag","embeddable":true,"href":"https:\/\/www.caririemacao.com\/1\/wp-json\/wp\/v2\/tags?post=186712"}],"curies":[{"name":"wp","href":"https:\/\/api.w.org\/{rel}","templated":true}]}}