{"id":186720,"date":"2020-09-03T08:05:33","date_gmt":"2020-09-03T11:05:33","guid":{"rendered":"https:\/\/www.caririemacao.com\/1\/?p=186720"},"modified":"2020-09-03T08:05:33","modified_gmt":"2020-09-03T11:05:33","slug":"assembleia-mantem-uso-de-mascaras-acessiveis-em-estabelecimento-publicos-e-privados","status":"publish","type":"post","link":"https:\/\/www.caririemacao.com\/1\/2020\/09\/03\/assembleia-mantem-uso-de-mascaras-acessiveis-em-estabelecimento-publicos-e-privados\/","title":{"rendered":"Assembleia mant\u00e9m uso de m\u00e1scaras acess\u00edveis em estabelecimento p\u00fablicos e privados"},"content":{"rendered":"\n<h1 class=\"wp-block-heading\"><\/h1>\n\n\n\n<p>A Assembleia Legislativa da Para\u00edba (ALPB) rejeitou o veto do Governo do Estado e manteve a aprova\u00e7\u00e3o do Projeto de Lei 1.821\/2020, da deputada Cida Ramos, garantindo inclus\u00e3o social \u00e0s pessoas com defici\u00eancia auditiva. O texto estabelece o uso de m\u00e1scaras acess\u00edveis, confeccionadas com material transparente, por no m\u00ednimo 5% dos funcion\u00e1rios de estabelecimentos p\u00fablicos e privados.&nbsp;<\/p>\n\n\n\n<p>De acordo com a deputada Cida Ramos, as m\u00e1scaras acess\u00edveis possibilitam a leitura labial por pessoas surdas. \u201c\u00c9 papel do poder p\u00fablico garantir \u00e0s pessoas com defici\u00eancia o direito a dignidade e a cidadania. E neste sentido, somamos esfor\u00e7os junto a entidades, aos deputados e deputadas, ao Minist\u00e9rio P\u00fablico e a Defensoria P\u00fablica, de forma a garantir o direito \u00e0 acessibilidade comunicacional\u201d, argumentou a deputada.<\/p>\n\n\n\n<p>Ao todo, 484 mat\u00e9rias foram apreciadas, entre as quais 471 foram aprovadas e 12 vetos do Governo do Estado foram mentidos.<\/p>\n\n\n\n<p><strong>Homenagem<\/strong><\/p>\n\n\n\n<p>Os deputados aprovaram por unanimidade a concess\u00e3o da Medalha Epit\u00e1cio Pessoa ao diretor-presidente da Funda\u00e7\u00e3o Napole\u00e3o Laureano, doutor Carneiro Arnaud, proposta apresentada pelo deputado Cabo Gilberto Silva em reconhecimento a sua trajet\u00f3ria a frente do Hospital Napole\u00e3o Laureano, que atua no diagn\u00f3stico e tratamento de pacientes com c\u00e2ncer na Para\u00edba.&nbsp;<\/p>\n\n\n\n<p>O presidente da Assembleia Adriano Galdino lembrou que o c\u00e2ncer \u00e9 uma doen\u00e7a que destr\u00f3i o corpo de forma violenta e o Hospital Napole\u00e3o Laureano, liderado pelo Dr. Carneiro Arnaud tem uma enorme relev\u00e2ncia no estado, portanto, a honraria \u00e9 um justo reconhecimento.<\/p>\n\n\n\n<p>\u201cOs paraibanos utilizam com muita frequ\u00eancia o Hospital Napole\u00e3o Laureano e essa unidade hospitalar tem sido muito importante. Desejo ao Dr. Carneiro Arnaud que Deus lhe d\u00ea muita sa\u00fade e energia para que ele possa continuar esse excelente trabalho, salvando vidas de paraibanos e de pacientes de outros estados\u201d, afirmou o presidente. O deputado Jeov\u00e1 Campos parabenizou o Cabo Gilberto pela mat\u00e9ria, concedendo a maior honraria da Casa a um grande paraibano. \u201cO homenageado \u00e9 merecedor da honraria\u201d, resumiu o parlamentar.&nbsp;<\/p>\n","protected":false},"excerpt":{"rendered":"<p>A Assembleia Legislativa da Para\u00edba (ALPB) rejeitou o veto do Governo do Estado e manteve a aprova\u00e7\u00e3o do Projeto de Lei 1.821\/2020, da deputada Cida&hellip; <\/p>\n","protected":false},"author":2,"featured_media":181890,"comment_status":"closed","ping_status":"closed","sticky":false,"template":"","format":"standard","meta":{"sfsi_plus_gutenberg_text_before_share":"","sfsi_plus_gutenberg_show_text_before_share":"","sfsi_plus_gutenberg_icon_type":"","sfsi_plus_gutenberg_icon_alignemt":"","sfsi_plus_gutenburg_max_per_row":"","footnotes":""},"categories":[2],"tags":[],"class_list":["post-186720","post","type-post","status-publish","format-standard","has-post-thumbnail","hentry","category-geral"],"_links":{"self":[{"href":"https:\/\/www.caririemacao.com\/1\/wp-json\/wp\/v2\/posts\/186720","targetHints":{"allow":["GET"]}}],"collection":[{"href":"https:\/\/www.caririemacao.com\/1\/wp-json\/wp\/v2\/posts"}],"about":[{"href":"https:\/\/www.caririemacao.com\/1\/wp-json\/wp\/v2\/types\/post"}],"author":[{"embeddable":true,"href":"https:\/\/www.caririemacao.com\/1\/wp-json\/wp\/v2\/users\/2"}],"replies":[{"embeddable":true,"href":"https:\/\/www.caririemacao.com\/1\/wp-json\/wp\/v2\/comments?post=186720"}],"version-history":[{"count":1,"href":"https:\/\/www.caririemacao.com\/1\/wp-json\/wp\/v2\/posts\/186720\/revisions"}],"predecessor-version":[{"id":186721,"href":"https:\/\/www.caririemacao.com\/1\/wp-json\/wp\/v2\/posts\/186720\/revisions\/186721"}],"wp:featuredmedia":[{"embeddable":true,"href":"https:\/\/www.caririemacao.com\/1\/wp-json\/wp\/v2\/media\/181890"}],"wp:attachment":[{"href":"https:\/\/www.caririemacao.com\/1\/wp-json\/wp\/v2\/media?parent=186720"}],"wp:term":[{"taxonomy":"category","embeddable":true,"href":"https:\/\/www.caririemacao.com\/1\/wp-json\/wp\/v2\/categories?post=186720"},{"taxonomy":"post_tag","embeddable":true,"href":"https:\/\/www.caririemacao.com\/1\/wp-json\/wp\/v2\/tags?post=186720"}],"curies":[{"name":"wp","href":"https:\/\/api.w.org\/{rel}","templated":true}]}}