{"id":186723,"date":"2020-09-03T08:13:17","date_gmt":"2020-09-03T11:13:17","guid":{"rendered":"https:\/\/www.caririemacao.com\/1\/?p=186723"},"modified":"2020-09-03T08:13:17","modified_gmt":"2020-09-03T11:13:17","slug":"mourao-recursos-para-combater-queimadas-estao-garantidos-ate-novembro","status":"publish","type":"post","link":"https:\/\/www.caririemacao.com\/1\/2020\/09\/03\/mourao-recursos-para-combater-queimadas-estao-garantidos-ate-novembro\/","title":{"rendered":"Mour\u00e3o: recursos para combater queimadas est\u00e3o garantidos at\u00e9 novembro"},"content":{"rendered":"\n<h2 class=\"wp-block-heading\"><\/h2>\n\n\n\n<p>Como promover o desenvolvimento sustent\u00e1vel e a preserva\u00e7\u00e3o da Amaz\u00f4nia foram os assuntos que o vice-presidente Hamilton Mour\u00e3o abordou&nbsp;nesta quarta-feira (2)&nbsp;no programa<em>&nbsp;A Voz do Brasil<\/em>. O vice-presidente falou&nbsp;ainda sobre o garimpo em terras ind\u00edgenas e a garantia de recursos para a manuten\u00e7\u00e3o da Opera\u00e7\u00e3o Verde Brasil 2 que combate o desmatamento ilegal na Amaz\u00f4nia.<img decoding=\"async\" data-src=\"https:\/\/agenciabrasil.ebc.com.br\/ebc.png?id=1386839&amp;o=node\" src=\"data:image\/svg+xml;base64,PHN2ZyB3aWR0aD0iMSIgaGVpZ2h0PSIxIiB4bWxucz0iaHR0cDovL3d3dy53My5vcmcvMjAwMC9zdmciPjwvc3ZnPg==\" class=\"lazyload\"><img decoding=\"async\" data-src=\"https:\/\/agenciabrasil.ebc.com.br\/ebc.gif?id=1386839&amp;o=node\" src=\"data:image\/svg+xml;base64,PHN2ZyB3aWR0aD0iMSIgaGVpZ2h0PSIxIiB4bWxucz0iaHR0cDovL3d3dy53My5vcmcvMjAwMC9zdmciPjwvc3ZnPg==\" class=\"lazyload\"><\/p>\n\n\n\n<p>Hoje mais cedo,<a href=\"https:\/\/agenciabrasil.ebc.com.br\/politica\/noticia\/2020-08\/mourao-manifesta-preocupacao-com-incendios-na-amazonia\" target=\"_blank\" rel=\"noreferrer noopener\">&nbsp;Mour\u00e3o manifestou preocupa\u00e7\u00e3o com inc\u00eandios na Amaz\u00f4nia<\/a>. &#8220;Diferente da queimada natural, o inc\u00eandio florestal \u00e9 fogo fora de controle que, al\u00e9m de destruir a vegeta\u00e7\u00e3o nativa, mata animais, causa problemas \u00e0 vida das pessoas e causa problemas respirat\u00f3rios e no momento que estamos enfrentando essa &nbsp;pandemia do coronav\u00edrus, pode ser agravada pela fuma\u00e7a oriundas das florestas&#8221;, disse Mour\u00e3o.&nbsp;<\/p>\n\n\n\n<p>Para alertar sobre os perigos e preju\u00edzos das queimadas, Mour\u00e3o lembrou a campanha Diga Sim \u00e0 Vida e N\u00e3o \u00e0 Queimada.<\/p>\n","protected":false},"excerpt":{"rendered":"<p>Como promover o desenvolvimento sustent\u00e1vel e a preserva\u00e7\u00e3o da Amaz\u00f4nia foram os assuntos que o vice-presidente Hamilton Mour\u00e3o abordou&nbsp;nesta quarta-feira (2)&nbsp;no programa&nbsp;A Voz do Brasil.&hellip; <\/p>\n","protected":false},"author":2,"featured_media":186724,"comment_status":"closed","ping_status":"closed","sticky":false,"template":"","format":"standard","meta":{"sfsi_plus_gutenberg_text_before_share":"","sfsi_plus_gutenberg_show_text_before_share":"","sfsi_plus_gutenberg_icon_type":"","sfsi_plus_gutenberg_icon_alignemt":"","sfsi_plus_gutenburg_max_per_row":"","footnotes":""},"categories":[50,2],"tags":[],"class_list":["post-186723","post","type-post","status-publish","format-standard","has-post-thumbnail","hentry","category-destaque","category-geral"],"_links":{"self":[{"href":"https:\/\/www.caririemacao.com\/1\/wp-json\/wp\/v2\/posts\/186723","targetHints":{"allow":["GET"]}}],"collection":[{"href":"https:\/\/www.caririemacao.com\/1\/wp-json\/wp\/v2\/posts"}],"about":[{"href":"https:\/\/www.caririemacao.com\/1\/wp-json\/wp\/v2\/types\/post"}],"author":[{"embeddable":true,"href":"https:\/\/www.caririemacao.com\/1\/wp-json\/wp\/v2\/users\/2"}],"replies":[{"embeddable":true,"href":"https:\/\/www.caririemacao.com\/1\/wp-json\/wp\/v2\/comments?post=186723"}],"version-history":[{"count":1,"href":"https:\/\/www.caririemacao.com\/1\/wp-json\/wp\/v2\/posts\/186723\/revisions"}],"predecessor-version":[{"id":186725,"href":"https:\/\/www.caririemacao.com\/1\/wp-json\/wp\/v2\/posts\/186723\/revisions\/186725"}],"wp:featuredmedia":[{"embeddable":true,"href":"https:\/\/www.caririemacao.com\/1\/wp-json\/wp\/v2\/media\/186724"}],"wp:attachment":[{"href":"https:\/\/www.caririemacao.com\/1\/wp-json\/wp\/v2\/media?parent=186723"}],"wp:term":[{"taxonomy":"category","embeddable":true,"href":"https:\/\/www.caririemacao.com\/1\/wp-json\/wp\/v2\/categories?post=186723"},{"taxonomy":"post_tag","embeddable":true,"href":"https:\/\/www.caririemacao.com\/1\/wp-json\/wp\/v2\/tags?post=186723"}],"curies":[{"name":"wp","href":"https:\/\/api.w.org\/{rel}","templated":true}]}}