{"id":186727,"date":"2020-09-03T08:15:23","date_gmt":"2020-09-03T11:15:23","guid":{"rendered":"https:\/\/www.caririemacao.com\/1\/?p=186727"},"modified":"2020-09-03T08:15:23","modified_gmt":"2020-09-03T11:15:23","slug":"covid-19-brasil-tem-1237-mil-mortes-e-399-milhoes-de-casos","status":"publish","type":"post","link":"https:\/\/www.caririemacao.com\/1\/2020\/09\/03\/covid-19-brasil-tem-1237-mil-mortes-e-399-milhoes-de-casos\/","title":{"rendered":"Covid-19: Brasil tem 123,7 mil mortes e 3,99 milh\u00f5es de casos"},"content":{"rendered":"\n<h2 class=\"wp-block-heading\"><\/h2>\n\n\n\n<p>O Brasil chegou a 123.780 mortes em fun\u00e7\u00e3o da pandemia do novo coronav\u00edrus. Nas \u00faltimas 24 horas, as autoridades de sa\u00fade registraram 1.184 novos \u00f3bitos pela covid-19. Os dados forma divulgados pelo Minist\u00e9rio da Sa\u00fade durante entrevista coletiva para apresentar os dados do boletim epidemiol\u00f3gico sobre a doen\u00e7a.&nbsp;Ontem, o painel do minist\u00e9rio marcava 122.596 \u00f3bitos. H\u00e1 2.658 falecimentos em investiga\u00e7\u00e3o.<img decoding=\"async\" data-src=\"https:\/\/agenciabrasil.ebc.com.br\/ebc.png?id=1386850&amp;o=node\" src=\"data:image\/svg+xml;base64,PHN2ZyB3aWR0aD0iMSIgaGVpZ2h0PSIxIiB4bWxucz0iaHR0cDovL3d3dy53My5vcmcvMjAwMC9zdmciPjwvc3ZnPg==\" class=\"lazyload\"><img decoding=\"async\" data-src=\"https:\/\/agenciabrasil.ebc.com.br\/ebc.gif?id=1386850&amp;o=node\" src=\"data:image\/svg+xml;base64,PHN2ZyB3aWR0aD0iMSIgaGVpZ2h0PSIxIiB4bWxucz0iaHR0cDovL3d3dy53My5vcmcvMjAwMC9zdmciPjwvc3ZnPg==\" class=\"lazyload\"><\/p>\n\n\n\n<p>De acordo com o balan\u00e7o da pasta, o n\u00famero de acasos acumulados alcan\u00e7ou 3.997.865. Entre&nbsp;ontem&nbsp;e&nbsp;hoje, as secretarias estaduais de sa\u00fade identificaram 46.934 novas pessoas infectadas.&nbsp;Ontem&nbsp;o sistema de dados sobre a pandemia trazia 3.950.931 casos desde o in\u00edcio da pandemia.<\/p>\n\n\n\n<p>Ainda de acordo com a atualiza\u00e7\u00e3o, 663.680 pessoas est\u00e3o em acompanhamento e outras 3.210.405 j\u00e1 se recuperaram.<\/p>\n\n\n\n<h2 class=\"wp-block-heading\">Covid-19 nos estados<\/h2>\n\n\n\n<p>Os estados com mais morte s\u00e3o: S\u00e3o Paulo (30.673), Rio&nbsp;de Janeiro&nbsp;(16.315), Cear\u00e1 (8.480), Pernambuco (7.656) e Par\u00e1 (6.201). As Unidades da Federa\u00e7\u00e3o com menos \u00f3bitos s\u00e3o: Roraima (595), Acre (618), Amap\u00e1 (668), Tocantins (701) e Mato Grosso do Sul (903).<\/p>\n\n\n\n<figure class=\"wp-block-image\"><img decoding=\"async\" data-src=\"https:\/\/imagens.ebc.com.br\/F2dAagyRtuqaGdC2lh8lUlmJOSY=\/754x0\/smart\/https:\/\/agenciabrasil.ebc.com.br\/sites\/default\/files\/thumbnails\/image\/boletim_epidemiologico_02.9.jpg?itok=uDCE-rzv\" alt=\"Boletim Epidemiol\u00f3gico covid-19\" title=\"Minist\u00e9rio da Sa\u00fade\" src=\"data:image\/svg+xml;base64,PHN2ZyB3aWR0aD0iMSIgaGVpZ2h0PSIxIiB4bWxucz0iaHR0cDovL3d3dy53My5vcmcvMjAwMC9zdmciPjwvc3ZnPg==\" class=\"lazyload\" \/><\/figure>\n","protected":false},"excerpt":{"rendered":"<p>O Brasil chegou a 123.780 mortes em fun\u00e7\u00e3o da pandemia do novo coronav\u00edrus. Nas \u00faltimas 24 horas, as autoridades de sa\u00fade registraram 1.184 novos \u00f3bitos&hellip; <\/p>\n","protected":false},"author":2,"featured_media":186728,"comment_status":"closed","ping_status":"closed","sticky":false,"template":"","format":"standard","meta":{"sfsi_plus_gutenberg_text_before_share":"","sfsi_plus_gutenberg_show_text_before_share":"","sfsi_plus_gutenberg_icon_type":"","sfsi_plus_gutenberg_icon_alignemt":"","sfsi_plus_gutenburg_max_per_row":"","footnotes":""},"categories":[50,16],"tags":[],"class_list":["post-186727","post","type-post","status-publish","format-standard","has-post-thumbnail","hentry","category-destaque","category-saude"],"_links":{"self":[{"href":"https:\/\/www.caririemacao.com\/1\/wp-json\/wp\/v2\/posts\/186727","targetHints":{"allow":["GET"]}}],"collection":[{"href":"https:\/\/www.caririemacao.com\/1\/wp-json\/wp\/v2\/posts"}],"about":[{"href":"https:\/\/www.caririemacao.com\/1\/wp-json\/wp\/v2\/types\/post"}],"author":[{"embeddable":true,"href":"https:\/\/www.caririemacao.com\/1\/wp-json\/wp\/v2\/users\/2"}],"replies":[{"embeddable":true,"href":"https:\/\/www.caririemacao.com\/1\/wp-json\/wp\/v2\/comments?post=186727"}],"version-history":[{"count":1,"href":"https:\/\/www.caririemacao.com\/1\/wp-json\/wp\/v2\/posts\/186727\/revisions"}],"predecessor-version":[{"id":186729,"href":"https:\/\/www.caririemacao.com\/1\/wp-json\/wp\/v2\/posts\/186727\/revisions\/186729"}],"wp:featuredmedia":[{"embeddable":true,"href":"https:\/\/www.caririemacao.com\/1\/wp-json\/wp\/v2\/media\/186728"}],"wp:attachment":[{"href":"https:\/\/www.caririemacao.com\/1\/wp-json\/wp\/v2\/media?parent=186727"}],"wp:term":[{"taxonomy":"category","embeddable":true,"href":"https:\/\/www.caririemacao.com\/1\/wp-json\/wp\/v2\/categories?post=186727"},{"taxonomy":"post_tag","embeddable":true,"href":"https:\/\/www.caririemacao.com\/1\/wp-json\/wp\/v2\/tags?post=186727"}],"curies":[{"name":"wp","href":"https:\/\/api.w.org\/{rel}","templated":true}]}}