{"id":186731,"date":"2020-09-03T08:20:44","date_gmt":"2020-09-03T11:20:44","guid":{"rendered":"https:\/\/www.caririemacao.com\/1\/?p=186731"},"modified":"2020-09-03T08:20:44","modified_gmt":"2020-09-03T11:20:44","slug":"senado-proibe-corte-de-bolsas-de-estudo-ate-2021","status":"publish","type":"post","link":"https:\/\/www.caririemacao.com\/1\/2020\/09\/03\/senado-proibe-corte-de-bolsas-de-estudo-ate-2021\/","title":{"rendered":"Senado pro\u00edbe corte de bolsas de estudo at\u00e9 2021"},"content":{"rendered":"\n<h2 class=\"wp-block-heading\"><\/h2>\n\n\n\n<p>O Senado aprovou hoje (2) um Projeto de Lei (PL) 4.108\/2020 que pro\u00edbe o corte de bolsas de estudo durante o per\u00edodo do Estado de Calamidade P\u00fablica decretado no pa\u00eds devido \u00e0 pandemia do novo coronav\u00edrus&nbsp;e at\u00e9 um ano ap\u00f3s o fim da sua vig\u00eancia, prevista para terminar em 31 de dezembro desde ano. O projeto segue para aprecia\u00e7\u00e3o da C\u00e2mara dos Deputados.<img decoding=\"async\" data-src=\"https:\/\/agenciabrasil.ebc.com.br\/ebc.png?id=1386868&amp;o=node\" src=\"data:image\/svg+xml;base64,PHN2ZyB3aWR0aD0iMSIgaGVpZ2h0PSIxIiB4bWxucz0iaHR0cDovL3d3dy53My5vcmcvMjAwMC9zdmciPjwvc3ZnPg==\" class=\"lazyload\"><img decoding=\"async\" data-src=\"https:\/\/agenciabrasil.ebc.com.br\/ebc.gif?id=1386868&amp;o=node\" src=\"data:image\/svg+xml;base64,PHN2ZyB3aWR0aD0iMSIgaGVpZ2h0PSIxIiB4bWxucz0iaHR0cDovL3d3dy53My5vcmcvMjAwMC9zdmciPjwvc3ZnPg==\" class=\"lazyload\"><\/p>\n\n\n\n<p>De acordo com o texto, o governo federal n\u00e3o poder\u00e1 interromper o pagamento de bolsas de estudo e bolsas de fomento \u00e0 inicia\u00e7\u00e3o cient\u00edfica e \u00e0 doc\u00eancia, especializa\u00e7\u00e3o, resid\u00eancia m\u00e9dica, al\u00e9m de bolsas de mestrado e doutorado e bolsas de inclus\u00e3o social, voltadas para minimizar efeitos das desigualdades sociais e \u00e9tnicas.<\/p>\n\n\n\n<p>De acordo com o relator do projeto, senador \u00c1lvaro Dias (Podemos-PR), as bolsas abordadas pelo projeto \u201cs\u00e3o dirigidas a \u00e1reas estrat\u00e9gicas para o desenvolvimento nacional, com inclus\u00e3o social\u201d e que, por isso, \u201c\u00e9 imperativo que o Estado assegure a manuten\u00e7\u00e3o da destina\u00e7\u00e3o dos recursos para a concess\u00e3o de aux\u00edlios pecuni\u00e1rios, na forma de bolsas de estudo, aos segmentos indicados\u201d.<\/p>\n\n\n\n<p>J\u00e1 segundo o autor do projeto, senador Jayme Campos (DEM-MT), o projeto se justifica, j\u00e1 que as bolsas tendem a ser \u201cindissoci\u00e1veis da pr\u00f3pria sobreviv\u00eancia dos estudantes, notadamente daqueles economicamente hipossuficientes, oriundos das camadas socialmente menos aquinhoadas\u201d.<\/p>\n","protected":false},"excerpt":{"rendered":"<p>O Senado aprovou hoje (2) um Projeto de Lei (PL) 4.108\/2020 que pro\u00edbe o corte de bolsas de estudo durante o per\u00edodo do Estado de&hellip; <\/p>\n","protected":false},"author":2,"featured_media":186732,"comment_status":"closed","ping_status":"closed","sticky":false,"template":"","format":"standard","meta":{"sfsi_plus_gutenberg_text_before_share":"","sfsi_plus_gutenberg_show_text_before_share":"","sfsi_plus_gutenberg_icon_type":"","sfsi_plus_gutenberg_icon_alignemt":"","sfsi_plus_gutenburg_max_per_row":"","footnotes":""},"categories":[50,11],"tags":[],"class_list":["post-186731","post","type-post","status-publish","format-standard","has-post-thumbnail","hentry","category-destaque","category-politica"],"_links":{"self":[{"href":"https:\/\/www.caririemacao.com\/1\/wp-json\/wp\/v2\/posts\/186731","targetHints":{"allow":["GET"]}}],"collection":[{"href":"https:\/\/www.caririemacao.com\/1\/wp-json\/wp\/v2\/posts"}],"about":[{"href":"https:\/\/www.caririemacao.com\/1\/wp-json\/wp\/v2\/types\/post"}],"author":[{"embeddable":true,"href":"https:\/\/www.caririemacao.com\/1\/wp-json\/wp\/v2\/users\/2"}],"replies":[{"embeddable":true,"href":"https:\/\/www.caririemacao.com\/1\/wp-json\/wp\/v2\/comments?post=186731"}],"version-history":[{"count":1,"href":"https:\/\/www.caririemacao.com\/1\/wp-json\/wp\/v2\/posts\/186731\/revisions"}],"predecessor-version":[{"id":186733,"href":"https:\/\/www.caririemacao.com\/1\/wp-json\/wp\/v2\/posts\/186731\/revisions\/186733"}],"wp:featuredmedia":[{"embeddable":true,"href":"https:\/\/www.caririemacao.com\/1\/wp-json\/wp\/v2\/media\/186732"}],"wp:attachment":[{"href":"https:\/\/www.caririemacao.com\/1\/wp-json\/wp\/v2\/media?parent=186731"}],"wp:term":[{"taxonomy":"category","embeddable":true,"href":"https:\/\/www.caririemacao.com\/1\/wp-json\/wp\/v2\/categories?post=186731"},{"taxonomy":"post_tag","embeddable":true,"href":"https:\/\/www.caririemacao.com\/1\/wp-json\/wp\/v2\/tags?post=186731"}],"curies":[{"name":"wp","href":"https:\/\/api.w.org\/{rel}","templated":true}]}}