{"id":186735,"date":"2020-09-03T08:23:21","date_gmt":"2020-09-03T11:23:21","guid":{"rendered":"https:\/\/www.caririemacao.com\/1\/?p=186735"},"modified":"2020-09-03T08:23:21","modified_gmt":"2020-09-03T11:23:21","slug":"brasileiro-ceara-vence-classico-rei-na-abertura-da-setima-rodada","status":"publish","type":"post","link":"https:\/\/www.caririemacao.com\/1\/2020\/09\/03\/brasileiro-ceara-vence-classico-rei-na-abertura-da-setima-rodada\/","title":{"rendered":"Brasileiro: Cear\u00e1 vence Cl\u00e1ssico-Rei na abertura da s\u00e9tima rodada"},"content":{"rendered":"\n<h2 class=\"wp-block-heading\"><\/h2>\n\n\n\n<p>O Cear\u00e1 venceu o Cl\u00e1ssico-Rei contra o Fortaleza nesta quarta (2). A vit\u00f3ria de 1 a 0 do Voz\u00e3o, obtida no est\u00e1dio do Castel\u00e3o, abriu a s\u00e9tima rodada do Campeonato Brasileiro.<img decoding=\"async\" data-src=\"https:\/\/agenciabrasil.ebc.com.br\/ebc.png?id=1386877&amp;o=node\" src=\"data:image\/svg+xml;base64,PHN2ZyB3aWR0aD0iMSIgaGVpZ2h0PSIxIiB4bWxucz0iaHR0cDovL3d3dy53My5vcmcvMjAwMC9zdmciPjwvc3ZnPg==\" class=\"lazyload\"><img decoding=\"async\" data-src=\"https:\/\/agenciabrasil.ebc.com.br\/ebc.gif?id=1386877&amp;o=node\" src=\"data:image\/svg+xml;base64,PHN2ZyB3aWR0aD0iMSIgaGVpZ2h0PSIxIiB4bWxucz0iaHR0cDovL3d3dy53My5vcmcvMjAwMC9zdmciPjwvc3ZnPg==\" class=\"lazyload\"><\/p>\n\n\n\n<p>O Voz\u00e3o garantiu a vit\u00f3ria ainda no primeiro tempo, aos 43 minutos. Charles cruza e Vin\u00edcius finaliza marcando um belo gol, o seu nono pelo Cear\u00e1 em 2020.https:\/\/platform.twitter.com\/embed\/index.html?creatorScreenName=agenciabrasil&amp;dnt=false&amp;embedId=twitter-widget-0&amp;frame=false&amp;hideCard=false&amp;hideThread=false&amp;id=1301310268471996416&amp;lang=pt&amp;origin=https%3A%2F%2Fagenciabrasil.ebc.com.br%2Fesportes%2Fnoticia%2F2020-09%2Fbrasileiro-ceara-vence-classico-rei-na-abertura-da-setima-rodada&amp;siteScreenName=agenciabrasil&amp;theme=light&amp;widgetsVersion=219d021%3A1598982042171&amp;width=550px<\/p>\n\n\n\n<p>A partir da\u00ed, o Campe\u00e3o da Copa do Nordeste administrou a vantagem at\u00e9 o final do confronto.<\/p>\n\n\n\n<h2 class=\"wp-block-heading\">Trope\u00e7o do Tricolor<\/h2>\n\n\n\n<p>O Fluminense recebeu o Atl\u00e9tico-GO no est\u00e1dio do Maracan\u00e3, e empatou em 1 a 1 em jogo no qual atuou a maior parte do tempo com 10 jogadoreshttps:\/\/platform.twitter.com\/embed\/index.html?creatorScreenName=agenciabrasil&amp;dnt=false&amp;embedId=twitter-widget-1&amp;frame=false&amp;hideCard=false&amp;hideThread=false&amp;id=1301314614156816385&amp;lang=pt&amp;origin=https%3A%2F%2Fagenciabrasil.ebc.com.br%2Fesportes%2Fnoticia%2F2020-09%2Fbrasileiro-ceara-vence-classico-rei-na-abertura-da-setima-rodada&amp;siteScreenName=agenciabrasil&amp;theme=light&amp;widgetsVersion=219d021%3A1598982042171&amp;width=550px<\/p>\n\n\n\n<p>O Tricolor das Laranjeiras abriu o placar logo aos 6 minutos de partida. E foi um gola\u00e7o. Nen\u00ea cruza para a \u00e1rea, onde o centroavante Evan\u00edlson acerta um belo voleio no \u00e2ngulo para vencer o goleiro Jean.<\/p>\n\n\n\n<p>Mas o Fluminense v\u00ea a sua situa\u00e7\u00e3o complicar, com a expuls\u00e3o do volante Hudson ainda aos 39 minutos do primeiro tempo. O jogador derruba Renato Kayzer em jogada de contra-ataque e recebe seu segundo amarelo no jogo.<\/p>\n\n\n\n<p>Mesmo com um jogador a menos, o Tricolor conseguiu segurar a vantagem at\u00e9 o intervalo. Por\u00e9m, na etapa final o Atl\u00e9tico-GO aproveitou a vantagem num\u00e9rica e tomou conta do confronto.<\/p>\n\n\n\n<p>E esse dom\u00ednio se transformou no gol do empate aos 33 do segundo tempo, quando Michel Ara\u00fajo perde a bola na defesa para Chico, que cruza para Renato Kayzer fazer de cabe\u00e7a.<\/p>\n\n\n\n<p>O Fluminense ainda tentou retomar a vantagem, mas n\u00e3o teve for\u00e7a para fazer o segundo.<\/p>\n\n\n\n<h2 class=\"wp-block-heading\">Vit\u00f3ria fora de casa<\/h2>\n\n\n\n<p>J\u00e1 o Corinthians foi at\u00e9 o est\u00e1dio da Serrinha, em Goi\u00e2nia, e arrancou uma vit\u00f3ria de 2 a 1 sobre o Goi\u00e1s.https:\/\/platform.twitter.com\/embed\/index.html?creatorScreenName=agenciabrasil&amp;dnt=false&amp;embedId=twitter-widget-2&amp;frame=false&amp;hideCard=false&amp;hideThread=false&amp;id=1301311956813479938&amp;lang=pt&amp;origin=https%3A%2F%2Fagenciabrasil.ebc.com.br%2Fesportes%2Fnoticia%2F2020-09%2Fbrasileiro-ceara-vence-classico-rei-na-abertura-da-setima-rodada&amp;siteScreenName=agenciabrasil&amp;theme=light&amp;widgetsVersion=219d021%3A1598982042171&amp;width=550px<\/p>\n\n\n\n<p>Jogando fora de casa, a equipe do Parque S\u00e3o Jorge contou com a sorte para abrir o placar. Aos 27 minutos Cantillo lan\u00e7a Ramiro, que desvia de cabe\u00e7a. O zagueiro F\u00e1bio Sanches tenta cortar a jogada, mas acaba marcando contra.<\/p>\n\n\n\n<p>Por\u00e9m, aos 19 da etapa final a equipe da casa conseguiu igualar o marcador. Vin\u00edcius recebe nas costas da defesa e tem apenas o trabalho de tocar colocado para vencer o goleiro C\u00e1ssio.<\/p>\n\n\n\n<p>No entanto, o Corinthians n\u00e3o se entregou, e conseguiu garantir a vit\u00f3ria aos 45 minutos do segundo tempo. O zagueiro Danilo Avelar finaliza de cabe\u00e7a ap\u00f3s cobran\u00e7a de escanteio do rec\u00e9m-contratado Otero.<\/p>\n","protected":false},"excerpt":{"rendered":"<p>O Cear\u00e1 venceu o Cl\u00e1ssico-Rei contra o Fortaleza nesta quarta (2). A vit\u00f3ria de 1 a 0 do Voz\u00e3o, obtida no est\u00e1dio do Castel\u00e3o, abriu&hellip; <\/p>\n","protected":false},"author":2,"featured_media":186736,"comment_status":"closed","ping_status":"closed","sticky":false,"template":"","format":"standard","meta":{"sfsi_plus_gutenberg_text_before_share":"","sfsi_plus_gutenberg_show_text_before_share":"","sfsi_plus_gutenberg_icon_type":"","sfsi_plus_gutenberg_icon_alignemt":"","sfsi_plus_gutenburg_max_per_row":"","footnotes":""},"categories":[13],"tags":[],"class_list":["post-186735","post","type-post","status-publish","format-standard","has-post-thumbnail","hentry","category-esportes"],"_links":{"self":[{"href":"https:\/\/www.caririemacao.com\/1\/wp-json\/wp\/v2\/posts\/186735","targetHints":{"allow":["GET"]}}],"collection":[{"href":"https:\/\/www.caririemacao.com\/1\/wp-json\/wp\/v2\/posts"}],"about":[{"href":"https:\/\/www.caririemacao.com\/1\/wp-json\/wp\/v2\/types\/post"}],"author":[{"embeddable":true,"href":"https:\/\/www.caririemacao.com\/1\/wp-json\/wp\/v2\/users\/2"}],"replies":[{"embeddable":true,"href":"https:\/\/www.caririemacao.com\/1\/wp-json\/wp\/v2\/comments?post=186735"}],"version-history":[{"count":1,"href":"https:\/\/www.caririemacao.com\/1\/wp-json\/wp\/v2\/posts\/186735\/revisions"}],"predecessor-version":[{"id":186737,"href":"https:\/\/www.caririemacao.com\/1\/wp-json\/wp\/v2\/posts\/186735\/revisions\/186737"}],"wp:featuredmedia":[{"embeddable":true,"href":"https:\/\/www.caririemacao.com\/1\/wp-json\/wp\/v2\/media\/186736"}],"wp:attachment":[{"href":"https:\/\/www.caririemacao.com\/1\/wp-json\/wp\/v2\/media?parent=186735"}],"wp:term":[{"taxonomy":"category","embeddable":true,"href":"https:\/\/www.caririemacao.com\/1\/wp-json\/wp\/v2\/categories?post=186735"},{"taxonomy":"post_tag","embeddable":true,"href":"https:\/\/www.caririemacao.com\/1\/wp-json\/wp\/v2\/tags?post=186735"}],"curies":[{"name":"wp","href":"https:\/\/api.w.org\/{rel}","templated":true}]}}