{"id":186747,"date":"2020-09-03T09:07:42","date_gmt":"2020-09-03T12:07:42","guid":{"rendered":"https:\/\/www.caririemacao.com\/1\/?p=186747"},"modified":"2020-09-03T09:07:42","modified_gmt":"2020-09-03T12:07:42","slug":"com-estoques-de-sangue-quase-zerados-hemocentro-da-paraiba-convoca-doadores-com-fator-rh-negativo%e2%80%8b","status":"publish","type":"post","link":"https:\/\/www.caririemacao.com\/1\/2020\/09\/03\/com-estoques-de-sangue-quase-zerados-hemocentro-da-paraiba-convoca-doadores-com-fator-rh-negativo%e2%80%8b\/","title":{"rendered":"Com estoques de sangue quase zerados, Hemocentro da Para\u00edba convoca doadores com fator RH negativo\u200b"},"content":{"rendered":"\n<h1 class=\"wp-block-heading\"><\/h1>\n\n\n\n<p>O Hemocentro da Para\u00edba est\u00e1 convocando doadores volunt\u00e1rios de sangue, especialmente os que possuem fator RH negativo (O-, AB-, A- e B-). Esses grupos sangu\u00edneos apresentaram, nos \u00faltimos dias, queda nos estoques e nas proximidades do feriado de 7 de setembro est\u00e3o quase zerados, o que pode comprometer o n\u00famero estrat\u00e9gico de hemocomponentes para atender a demanda de pacientes que deles necessitam.<\/p>\n\n\n\n<p>A doa\u00e7\u00e3o pode ser agendada pelo site do Hemocentro (www.hemocentro.pb.gov.br\/agenda) ou pelo WhastApp (83) 3133-3473, escolhendo o dia e o hor\u00e1rio mais apropriado para o doador. O atendimento do WhastApp acontece das 7h at\u00e9 16h, de segunda a sexta-feira.<\/p>\n\n\n\n<p>A diretora-geral do Hemocentro, Shirlene Gadelha, esclarece que o agendamento pr\u00e9vio para a doa\u00e7\u00e3o de sangue \u00e9 importante e ajuda a distribuir as doa\u00e7\u00f5es ao longo dos hor\u00e1rios de atendimento do doador, mantendo o distanciamento social. Esse procedimento melhora a agilidade no atendimento ao doador quando comparece ao Hemocentro.<br>&nbsp;<br><strong>REQUISITOS PARA DOA\u00c7\u00c3O DE SANGUE:<br><\/strong>\u00b7&nbsp; &nbsp; &nbsp; &nbsp; &nbsp; &nbsp; &nbsp; &nbsp;Estar em boas condi\u00e7\u00f5es de sa\u00fade<br>\u00b7&nbsp; &nbsp; &nbsp; &nbsp; &nbsp; &nbsp; &nbsp; &nbsp;Ter entre 16 e 69 anos. Pessoas acima de 60 anos s\u00f3 podem doar se j\u00e1 tiverem doado sangue pelo menos uma vez antes dessa idade; quem tem menos de 18 deve estar acompanhado de um dos respons\u00e1veis legais (pai ou m\u00e3e)&nbsp;<br>\u00b7&nbsp; &nbsp; &nbsp; &nbsp; &nbsp; &nbsp; &nbsp; &nbsp;Pesar no m\u00ednimo 50kg<br>\u00b7&nbsp; &nbsp; &nbsp; &nbsp; &nbsp; &nbsp; &nbsp; &nbsp;Estar descansado (ter dormido pelo menos 6 horas nas \u00faltimas 24 horas)&nbsp;<br>\u00b7&nbsp; &nbsp; &nbsp; &nbsp; &nbsp; &nbsp; &nbsp; &nbsp;Estar alimentado, por isso evite alimentos gordurosos e ap\u00f3s o almo\u00e7o aguarde 2 horas para doar<br>\u00b7&nbsp; &nbsp; &nbsp; &nbsp; &nbsp; &nbsp; &nbsp; &nbsp;Apresentar documento original com foto, que permita o reconhecimento do candidato, emitido por \u00f3rg\u00e3o oficial (Carteira de Identidade, Carteira Nacional de Habilita\u00e7\u00e3o, Carteira de Trabalho).<\/p>\n","protected":false},"excerpt":{"rendered":"<p>O Hemocentro da Para\u00edba est\u00e1 convocando doadores volunt\u00e1rios de sangue, especialmente os que possuem fator RH negativo (O-, AB-, A- e B-). Esses grupos sangu\u00edneos&hellip; <\/p>\n","protected":false},"author":2,"featured_media":186748,"comment_status":"closed","ping_status":"closed","sticky":false,"template":"","format":"standard","meta":{"sfsi_plus_gutenberg_text_before_share":"","sfsi_plus_gutenberg_show_text_before_share":"","sfsi_plus_gutenberg_icon_type":"","sfsi_plus_gutenberg_icon_alignemt":"","sfsi_plus_gutenburg_max_per_row":"","footnotes":""},"categories":[50,2],"tags":[],"class_list":["post-186747","post","type-post","status-publish","format-standard","has-post-thumbnail","hentry","category-destaque","category-geral"],"_links":{"self":[{"href":"https:\/\/www.caririemacao.com\/1\/wp-json\/wp\/v2\/posts\/186747","targetHints":{"allow":["GET"]}}],"collection":[{"href":"https:\/\/www.caririemacao.com\/1\/wp-json\/wp\/v2\/posts"}],"about":[{"href":"https:\/\/www.caririemacao.com\/1\/wp-json\/wp\/v2\/types\/post"}],"author":[{"embeddable":true,"href":"https:\/\/www.caririemacao.com\/1\/wp-json\/wp\/v2\/users\/2"}],"replies":[{"embeddable":true,"href":"https:\/\/www.caririemacao.com\/1\/wp-json\/wp\/v2\/comments?post=186747"}],"version-history":[{"count":1,"href":"https:\/\/www.caririemacao.com\/1\/wp-json\/wp\/v2\/posts\/186747\/revisions"}],"predecessor-version":[{"id":186749,"href":"https:\/\/www.caririemacao.com\/1\/wp-json\/wp\/v2\/posts\/186747\/revisions\/186749"}],"wp:featuredmedia":[{"embeddable":true,"href":"https:\/\/www.caririemacao.com\/1\/wp-json\/wp\/v2\/media\/186748"}],"wp:attachment":[{"href":"https:\/\/www.caririemacao.com\/1\/wp-json\/wp\/v2\/media?parent=186747"}],"wp:term":[{"taxonomy":"category","embeddable":true,"href":"https:\/\/www.caririemacao.com\/1\/wp-json\/wp\/v2\/categories?post=186747"},{"taxonomy":"post_tag","embeddable":true,"href":"https:\/\/www.caririemacao.com\/1\/wp-json\/wp\/v2\/tags?post=186747"}],"curies":[{"name":"wp","href":"https:\/\/api.w.org\/{rel}","templated":true}]}}