{"id":186751,"date":"2020-09-03T09:09:51","date_gmt":"2020-09-03T12:09:51","guid":{"rendered":"https:\/\/www.caririemacao.com\/1\/?p=186751"},"modified":"2020-09-03T09:09:51","modified_gmt":"2020-09-03T12:09:51","slug":"petrobras-reduz-preco-do-diesel-em-6-e-o-da-gasolina-em-3-a-partir-desta-quinta","status":"publish","type":"post","link":"https:\/\/www.caririemacao.com\/1\/2020\/09\/03\/petrobras-reduz-preco-do-diesel-em-6-e-o-da-gasolina-em-3-a-partir-desta-quinta\/","title":{"rendered":"Petrobras reduz pre\u00e7o do diesel em 6% e o da gasolina em 3% a partir desta quinta"},"content":{"rendered":"\n<h1 class=\"wp-block-heading\"><\/h1>\n\n\n\n<p>A Petrobras informou nesta quarta-feira (2) que reduzir\u00e1 o pre\u00e7o do diesel em 6% e o da gasolina em 3% a partir de quinta-feira (3), ap\u00f3s consecutivas altas aplicadas nos valores dos combust\u00edveis em suas refinarias.<\/p>\n\n\n\n<p>A redu\u00e7\u00e3o do diesel, combust\u00edvel mais consumido do pa\u00eds, ocorrer\u00e1 ap\u00f3s sete altas seguidas no valor do produto. A gasolina ter\u00e1 queda ap\u00f3s duas altas consecutivas, com os \u00faltimos reajustes promovidos em 21 de agosto.<\/p>\n\n\n\n<p>No fim de agosto, a Petrobras aumentou os pre\u00e7os m\u00e9dios do diesel em 5% e os da gasolina em 6% em suas refinarias.<\/p>\n\n\n\n<p>O repasse dos reajustes nas refinarias aos consumidores finais nos postos, no entanto, n\u00e3o \u00e9 garantido, e depende de uma s\u00e9rie de quest\u00f5es, como margem da distribui\u00e7\u00e3o e revenda, impostos e adi\u00e7\u00e3o obrigat\u00f3ria de etanol anidro.<\/p>\n","protected":false},"excerpt":{"rendered":"<p>A Petrobras informou nesta quarta-feira (2) que reduzir\u00e1 o pre\u00e7o do diesel em 6% e o da gasolina em 3% a partir de quinta-feira (3),&hellip; <\/p>\n","protected":false},"author":2,"featured_media":186752,"comment_status":"closed","ping_status":"closed","sticky":false,"template":"","format":"standard","meta":{"sfsi_plus_gutenberg_text_before_share":"","sfsi_plus_gutenberg_show_text_before_share":"","sfsi_plus_gutenberg_icon_type":"","sfsi_plus_gutenberg_icon_alignemt":"","sfsi_plus_gutenburg_max_per_row":"","footnotes":""},"categories":[50,2],"tags":[],"class_list":["post-186751","post","type-post","status-publish","format-standard","has-post-thumbnail","hentry","category-destaque","category-geral"],"_links":{"self":[{"href":"https:\/\/www.caririemacao.com\/1\/wp-json\/wp\/v2\/posts\/186751","targetHints":{"allow":["GET"]}}],"collection":[{"href":"https:\/\/www.caririemacao.com\/1\/wp-json\/wp\/v2\/posts"}],"about":[{"href":"https:\/\/www.caririemacao.com\/1\/wp-json\/wp\/v2\/types\/post"}],"author":[{"embeddable":true,"href":"https:\/\/www.caririemacao.com\/1\/wp-json\/wp\/v2\/users\/2"}],"replies":[{"embeddable":true,"href":"https:\/\/www.caririemacao.com\/1\/wp-json\/wp\/v2\/comments?post=186751"}],"version-history":[{"count":1,"href":"https:\/\/www.caririemacao.com\/1\/wp-json\/wp\/v2\/posts\/186751\/revisions"}],"predecessor-version":[{"id":186753,"href":"https:\/\/www.caririemacao.com\/1\/wp-json\/wp\/v2\/posts\/186751\/revisions\/186753"}],"wp:featuredmedia":[{"embeddable":true,"href":"https:\/\/www.caririemacao.com\/1\/wp-json\/wp\/v2\/media\/186752"}],"wp:attachment":[{"href":"https:\/\/www.caririemacao.com\/1\/wp-json\/wp\/v2\/media?parent=186751"}],"wp:term":[{"taxonomy":"category","embeddable":true,"href":"https:\/\/www.caririemacao.com\/1\/wp-json\/wp\/v2\/categories?post=186751"},{"taxonomy":"post_tag","embeddable":true,"href":"https:\/\/www.caririemacao.com\/1\/wp-json\/wp\/v2\/tags?post=186751"}],"curies":[{"name":"wp","href":"https:\/\/api.w.org\/{rel}","templated":true}]}}