{"id":186755,"date":"2020-09-03T09:15:26","date_gmt":"2020-09-03T12:15:26","guid":{"rendered":"https:\/\/www.caririemacao.com\/1\/?p=186755"},"modified":"2020-09-03T09:15:26","modified_gmt":"2020-09-03T12:15:26","slug":"prf-prende-em-cruz-do-espirito-santo-tres-homens-que-transportavam-11-cabras-dentro-de-carro-de-passeio","status":"publish","type":"post","link":"https:\/\/www.caririemacao.com\/1\/2020\/09\/03\/prf-prende-em-cruz-do-espirito-santo-tres-homens-que-transportavam-11-cabras-dentro-de-carro-de-passeio\/","title":{"rendered":"PRF prende em Cruz do Esp\u00edrito Santo tr\u00eas homens que transportavam 11 cabras dentro de carro de passeio"},"content":{"rendered":"\n<h1 class=\"wp-block-heading\"><\/h1>\n\n\n\n<p>A Pol\u00edcia Rodovi\u00e1ria Federal prendeu tr\u00eas homens que estavam em um carro de passeio transportando 11 cabras dentro do ve\u00edculo. O flagrante e as pris\u00f5es aconteceram em Cruz do Esp\u00edrito Santo, no in\u00edcio da tarde desta quarta-feira (2). Um dos homens era foragido da Justi\u00e7a acusado de ter praticado um estupro em Jo\u00e3o Pessoa.<\/p>\n\n\n\n<p>A Central de Informa\u00e7\u00f5es da PRF recebeu uma den\u00fancia, atrav\u00e9s do telefone de emerg\u00eancia 191, de que um ve\u00edculo Toyota Corolla estava sendo usado para o transporte de v\u00e1rios animais. As equipes foram acionadas e conseguiram abordar o carro no km 69 da BR-230, no munic\u00edpio de Cruz do Esp\u00edrito Santo.<\/p>\n\n\n\n<p>Durante a abordagem, desceram do ve\u00edculo tr\u00eas homens. Quando a equipe iniciou as buscas no interior do autom\u00f3vel encontrou 11 cabras, sendo algumas localizadas no banco traseiro e a maior parte no porta-malas, caracterizando maus tratos aos animais j\u00e1 que eles estavam sendo transportados sem qualquer tipo de ventila\u00e7\u00e3o e sem espa\u00e7o f\u00edsico adequado.<\/p>\n\n\n\n<p>O condutor do carro, um homem de 40 anos, n\u00e3o apresentou documento pessoal e informou um nome falso. Depois, os policiais descobriram que ele era foragido e possu\u00eda um mandado de pris\u00e3o em aberto, pelo crime de estupro, emitido pela Justi\u00e7a em Jo\u00e3o Pessoa. Os demais ocupantes do ve\u00edculo, um homem de 21 anos e outro de 24 anos, n\u00e3o possu\u00edam antecedentes criminais.<\/p>\n\n\n\n<p>Questionados pelos policiais sobre a origem dos animais, eles informaram que eram feirantes e que estavam trazendo as 11 cabras de uma feira localizada em Campina Grande. Por\u00e9m, n\u00e3o apresentaram nada que pudesse comprovar a informa\u00e7\u00e3o. Os animais foram recolhidos e encaminhados para o Centro de Manejo de Animais de Jo\u00e3o Pessoa. Um deles j\u00e1 estava em estado de sofrimento devido ao transporte inadequado e ter\u00e1 que ser sacrificado. A pol\u00edcia n\u00e3o descarta a hip\u00f3tese dos animais terem sido furtados de alguma propriedade rural da regi\u00e3o.<\/p>\n\n\n\n<p>Os tr\u00eas homens foram detidos e dever\u00e3o responder por maus tratos aos animais, com pena prevista de tr\u00eas meses a um ano. O condutor do autom\u00f3vel tamb\u00e9m dever\u00e1 responder por falsidade ideol\u00f3gica, al\u00e9m de ser encaminhado para o cumprimento da pena prevista para o mandado de pris\u00e3o por estupro. A ocorr\u00eancia foi encaminhada para a Delegacia de Pol\u00edcia Civil de Santa Rita.https:\/\/www.youtube.com\/embed\/dDIHxOAQag0<\/p>\n\n\n\n<figure class=\"wp-block-image\"><img decoding=\"async\" data-src=\"https:\/\/www.clickpb.com.br\/media\/filer_public\/c7\/61\/c761010b-335b-4a90-bd29-f6276dd3df47\/prf_prende_em_cruz_do_espirito_santo_tres_homens_que_transportavam_11_cabras_dentro_de_carro_de_passeio_foto_prf2.jpeg\" alt=\"\" src=\"data:image\/svg+xml;base64,PHN2ZyB3aWR0aD0iMSIgaGVpZ2h0PSIxIiB4bWxucz0iaHR0cDovL3d3dy53My5vcmcvMjAwMC9zdmciPjwvc3ZnPg==\" class=\"lazyload\" \/><\/figure>\n","protected":false},"excerpt":{"rendered":"<p>A Pol\u00edcia Rodovi\u00e1ria Federal prendeu tr\u00eas homens que estavam em um carro de passeio transportando 11 cabras dentro do ve\u00edculo. O flagrante e as pris\u00f5es&hellip; <\/p>\n","protected":false},"author":2,"featured_media":186756,"comment_status":"closed","ping_status":"closed","sticky":false,"template":"","format":"standard","meta":{"sfsi_plus_gutenberg_text_before_share":"","sfsi_plus_gutenberg_show_text_before_share":"","sfsi_plus_gutenberg_icon_type":"","sfsi_plus_gutenberg_icon_alignemt":"","sfsi_plus_gutenburg_max_per_row":"","footnotes":""},"categories":[50,12],"tags":[],"class_list":["post-186755","post","type-post","status-publish","format-standard","has-post-thumbnail","hentry","category-destaque","category-policia"],"_links":{"self":[{"href":"https:\/\/www.caririemacao.com\/1\/wp-json\/wp\/v2\/posts\/186755","targetHints":{"allow":["GET"]}}],"collection":[{"href":"https:\/\/www.caririemacao.com\/1\/wp-json\/wp\/v2\/posts"}],"about":[{"href":"https:\/\/www.caririemacao.com\/1\/wp-json\/wp\/v2\/types\/post"}],"author":[{"embeddable":true,"href":"https:\/\/www.caririemacao.com\/1\/wp-json\/wp\/v2\/users\/2"}],"replies":[{"embeddable":true,"href":"https:\/\/www.caririemacao.com\/1\/wp-json\/wp\/v2\/comments?post=186755"}],"version-history":[{"count":1,"href":"https:\/\/www.caririemacao.com\/1\/wp-json\/wp\/v2\/posts\/186755\/revisions"}],"predecessor-version":[{"id":186757,"href":"https:\/\/www.caririemacao.com\/1\/wp-json\/wp\/v2\/posts\/186755\/revisions\/186757"}],"wp:featuredmedia":[{"embeddable":true,"href":"https:\/\/www.caririemacao.com\/1\/wp-json\/wp\/v2\/media\/186756"}],"wp:attachment":[{"href":"https:\/\/www.caririemacao.com\/1\/wp-json\/wp\/v2\/media?parent=186755"}],"wp:term":[{"taxonomy":"category","embeddable":true,"href":"https:\/\/www.caririemacao.com\/1\/wp-json\/wp\/v2\/categories?post=186755"},{"taxonomy":"post_tag","embeddable":true,"href":"https:\/\/www.caririemacao.com\/1\/wp-json\/wp\/v2\/tags?post=186755"}],"curies":[{"name":"wp","href":"https:\/\/api.w.org\/{rel}","templated":true}]}}