{"id":186759,"date":"2020-09-03T09:17:46","date_gmt":"2020-09-03T12:17:46","guid":{"rendered":"https:\/\/www.caririemacao.com\/1\/?p=186759"},"modified":"2020-09-03T09:17:46","modified_gmt":"2020-09-03T12:17:46","slug":"processo-seletivo-para-cadastro-de-reserva-do-exercito-oferece-vagas-para-paraiba-nos-niveis-superior-medio-e-fundamental","status":"publish","type":"post","link":"https:\/\/www.caririemacao.com\/1\/2020\/09\/03\/processo-seletivo-para-cadastro-de-reserva-do-exercito-oferece-vagas-para-paraiba-nos-niveis-superior-medio-e-fundamental\/","title":{"rendered":"Processo seletivo para cadastro de reserva do Ex\u00e9rcito oferece vagas para Para\u00edba nos n\u00edveis superior, m\u00e9dio e fundamental"},"content":{"rendered":"\n<h1 class=\"wp-block-heading\"><\/h1>\n\n\n\n<p>O Comando da 7\u00aa Regi\u00e3o Militar (7\u00aa RM), do Ex\u00e9rcito Brasileiro, est\u00e1 com processos seletivos em aberto&nbsp;para a contrata\u00e7\u00e3o de militares tempor\u00e1rios. Apesar da sede ser em Recife (PE), a \u00e1rea de abrang\u00eancia compreende&nbsp;os estados da Para\u00edba, Alagoas, Pernambuco e Rio Grande do Norte. Por ser cadastro de reserva n\u00e3o h\u00e1 um n\u00famero espec\u00edfico&nbsp;de vagas. No entanto, para a Para\u00edba h\u00e1 oportunidades nos n\u00edveis superior, m\u00e9dio e fundamental.<\/p>\n\n\n\n<p>Conforme o Ex\u00e9rcito, trata-se de Processos Seletivos que tem a finalidade de formar um cadastro de reserva para o preenchimento extempor\u00e2neo e eventual de vagas para contrata\u00e7\u00e3o de Oficiais T\u00e9cnicos Tempor\u00e1rios (OTT), que possuem N\u00edvel Superior, bem como Sargentos T\u00e9cnicos Tempor\u00e1rios (STT) e Cabos Especialistas Tempor\u00e1rios (CET) de diversas \u00e1reas t\u00e9cnicas. S\u00e3o 50 especialidades para Oficiais, 31 especialidades para Sargentos e 8 especialidades para Cabos.<\/p>\n\n\n\n<p>As inscri\u00e7\u00f5es s\u00e3o gratuitas e podem ser realizadas at\u00e9 as 15 horas do dia 14 de setembro de 2020 e s\u00e3o voltadas para cidad\u00e3os brasileiros de ambos os sexos, com idade entre 19 a 40 anos. A remunera\u00e7\u00e3o dos selecionados varia entre R$ 2.627,00 e R$ 7.315,00, que ser\u00e3o designados para uma das seguintes cidades: Jo\u00e3o Pessoa (PB); Campina Grande (PB); Caic\u00f3 (RN); Garanhuns (PE), Macei\u00f3 (AL), Natal (RN), Petrolina (PE), Recife (PE) e S\u00e3o Bento do Una (PE).<\/p>\n\n\n\n<p>No Comando do 1\u00ba de Grupamento de Engenharia, situado na Capital paraibana, poder\u00e3o abrir, direcionado a Oficiais, vagas para Engenharia Civil, Arquitetura e Capel\u00e3o (Teologia Cat\u00f3lica), al\u00e9m de vagas para Sargentos Tempor\u00e1rios.<\/p>\n\n\n\n<p>Informa\u00e7\u00f5es detalhadas a respeito dos processos seletivos podem ser obtidas nos Editais de Convoca\u00e7\u00e3o publicados na p\u00e1gina eletr\u00f4nica da 7\u00aa Regi\u00e3o Militar: www.7rm.eb.mil.br.<\/p>\n\n\n\n<p><strong>Vagas para a Para\u00edba<\/strong><\/p>\n\n\n\n<p><strong>&#8211; N\u00edvel Superior:&nbsp;<\/strong><\/p>\n\n\n\n<p>Administra\u00e7\u00e3o, Arquitetura, Arquivologia, Biblioteconomia, Comunica\u00e7\u00e3o Social \u2013com habilita\u00e7\u00e3o em Jornalismo, Comunica\u00e7\u00e3o Social \u2013com habilita\u00e7\u00e3o em Rela\u00e7\u00f5es Publicas, Ci\u00eancias Cont\u00e1beis, Direito, Enfermagem, Engenharia Ambiental, Engenharia Civil, Engenharia Cl\u00ednica, Engenharia El\u00e9trica, Engenharia Mec\u00e2nica, Engenharia Cartogr\u00e1fica, Fisioterapia, Fonoaudiologia, Geologia, Inform\u00e1tica -Redes de Computadores, Inform\u00e1tica -An\u00e1lise de Sistemas, Museologia, Nutri\u00e7\u00e3o, Psicologia, Servi\u00e7o Social e Teologia -Cat\u00f3lico<\/p>\n\n\n\n<p><strong>&#8211; N\u00edvel M\u00e9dio:&nbsp;<\/strong><\/p>\n\n\n\n<p>T\u00e9cnico em Administra\u00e7\u00e3o, T\u00e9cnico em Alimentos, T\u00e9cnico em An\u00e1lises Cl\u00ednicas, T\u00e9cnico em Biblioteconomia, T\u00e9cnico em Computa\u00e7\u00e3o Gr\u00e1fica, T\u00e9cnico em Contabilidade, T\u00e9cnico em Edifica\u00e7\u00f5es, T\u00e9cnico em Eletrot\u00e9cnica, T\u00e9cnico em Eletr\u00f4nica, T\u00e9cnico em Enfermagem, T\u00e9cnico em Geologia, T\u00e9cnico em Hospedagem, T\u00e9cnico em Inform\u00e1tica\u2013Desenvolvimento de Sistemas, T\u00e9cnico em Inform\u00e1tica -Redes de Computadores, T\u00e9cnico em Inform\u00e1tica -Suporte e Manuten\u00e7\u00e3o de Micros, T\u00e9cnico em Manuten\u00e7\u00e3o Automotiva, T\u00e9cnico em Manuten\u00e7\u00e3o Automotiva \u2013Eletricista, T\u00e9cnico em Meio Ambiente, T\u00e9cnico em Minera\u00e7\u00e3o, T\u00e9cnico em Museologia, T\u00e9cnico em Nutri\u00e7\u00e3o, T\u00e9cnico em Produ\u00e7\u00e3o Cultural, T\u00e9cnico em Pr\u00f3tese Dent\u00e1ria, T\u00e9cnico em Radiologia, T\u00e9cnico em Refrigera\u00e7\u00e3o e Climatiza\u00e7\u00e3o, T\u00e9cnico em Seguran\u00e7a do Trabalho e T\u00e9cnico em Topografia<\/p>\n\n\n\n<p><strong>&#8211; N\u00edvel Fundamental:<\/strong><\/p>\n\n\n\n<p>Motorista Categoria D ou E, Motorista Categoria D ou E &#8211; Especializado para condutor de ve\u00edculos de Emerg\u00eancia. Resolu\u00e7\u00e3o n\u00ba 285\/2008 \u2013CONTRAN, Ajudante de Eletricista Predial, Carpinteiro, Bombeiro Hidr\u00e1ulico, Auxiliar de Mec\u00e2nica El\u00e9trica Auto, Auxiliar de Mec\u00e2nica Auto (gasolina e\/ou diesel) e Cozinheiro.<\/p>\n","protected":false},"excerpt":{"rendered":"<p>O Comando da 7\u00aa Regi\u00e3o Militar (7\u00aa RM), do Ex\u00e9rcito Brasileiro, est\u00e1 com processos seletivos em aberto&nbsp;para a contrata\u00e7\u00e3o de militares tempor\u00e1rios. Apesar da sede&hellip; <\/p>\n","protected":false},"author":2,"featured_media":186760,"comment_status":"closed","ping_status":"closed","sticky":false,"template":"","format":"standard","meta":{"sfsi_plus_gutenberg_text_before_share":"","sfsi_plus_gutenberg_show_text_before_share":"","sfsi_plus_gutenberg_icon_type":"","sfsi_plus_gutenberg_icon_alignemt":"","sfsi_plus_gutenburg_max_per_row":"","footnotes":""},"categories":[50,14],"tags":[],"class_list":["post-186759","post","type-post","status-publish","format-standard","has-post-thumbnail","hentry","category-destaque","category-educacao"],"_links":{"self":[{"href":"https:\/\/www.caririemacao.com\/1\/wp-json\/wp\/v2\/posts\/186759","targetHints":{"allow":["GET"]}}],"collection":[{"href":"https:\/\/www.caririemacao.com\/1\/wp-json\/wp\/v2\/posts"}],"about":[{"href":"https:\/\/www.caririemacao.com\/1\/wp-json\/wp\/v2\/types\/post"}],"author":[{"embeddable":true,"href":"https:\/\/www.caririemacao.com\/1\/wp-json\/wp\/v2\/users\/2"}],"replies":[{"embeddable":true,"href":"https:\/\/www.caririemacao.com\/1\/wp-json\/wp\/v2\/comments?post=186759"}],"version-history":[{"count":1,"href":"https:\/\/www.caririemacao.com\/1\/wp-json\/wp\/v2\/posts\/186759\/revisions"}],"predecessor-version":[{"id":186761,"href":"https:\/\/www.caririemacao.com\/1\/wp-json\/wp\/v2\/posts\/186759\/revisions\/186761"}],"wp:featuredmedia":[{"embeddable":true,"href":"https:\/\/www.caririemacao.com\/1\/wp-json\/wp\/v2\/media\/186760"}],"wp:attachment":[{"href":"https:\/\/www.caririemacao.com\/1\/wp-json\/wp\/v2\/media?parent=186759"}],"wp:term":[{"taxonomy":"category","embeddable":true,"href":"https:\/\/www.caririemacao.com\/1\/wp-json\/wp\/v2\/categories?post=186759"},{"taxonomy":"post_tag","embeddable":true,"href":"https:\/\/www.caririemacao.com\/1\/wp-json\/wp\/v2\/tags?post=186759"}],"curies":[{"name":"wp","href":"https:\/\/api.w.org\/{rel}","templated":true}]}}