{"id":186763,"date":"2020-09-03T09:25:24","date_gmt":"2020-09-03T12:25:24","guid":{"rendered":"https:\/\/www.caririemacao.com\/1\/?p=186763"},"modified":"2020-09-03T09:25:24","modified_gmt":"2020-09-03T12:25:24","slug":"bolsonaro-diz-que-vai-retirar-calculo-maior-que-um-grao-de-feijao-alojado-ha-5-anos-na-bexiga","status":"publish","type":"post","link":"https:\/\/www.caririemacao.com\/1\/2020\/09\/03\/bolsonaro-diz-que-vai-retirar-calculo-maior-que-um-grao-de-feijao-alojado-ha-5-anos-na-bexiga\/","title":{"rendered":"Bolsonaro diz que vai retirar c\u00e1lculo &#8216;maior que um gr\u00e3o de feij\u00e3o&#8217; alojado h\u00e1 5 anos na bexiga"},"content":{"rendered":"\n<h1 class=\"wp-block-heading\"><\/h1>\n\n\n\n<p>O presidente Jair Bolsonaro disse na noite desta ter\u00e7a-feira (1\u00ba) a apoiadores na portaria do Pal\u00e1cio da Alvorada que resolveu retirar um c\u00e1lculo alojado na bexiga h\u00e1 cinco anos.<\/p>\n\n\n\n<p>Bolsonaro afirmou que o c\u00e1lculo \u00e9 &#8220;maior que um gr\u00e3o de feij\u00e3o&#8221; e disse que decidiu retirar porque pode estar machucando a bexiga. Ele n\u00e3o informou aos apoiadores quando nem por qual m\u00e9todo vai remover o c\u00e1lculo.<\/p>\n\n\n\n<p>\u201cEsse c\u00e1lculo aqui \u00e9 de estima\u00e7\u00e3o. Eu tenho h\u00e1 mais de cinco anos. Est\u00e1 na bexiga e \u00e9 maior que um gr\u00e3o de feij\u00e3o. E resolvi tir\u00e1-lo porque deve estar ferindo internamente a bexiga\u201d, disse Bolsonaro a uma apoiadora, que perguntou se o presidente estava bebendo mais \u00e1gua.<\/p>\n\n\n\n<p>Nesta segunda-feira (31), ao final do expediente no Pal\u00e1cio do Planalto, Bolsonaro foi ao servi\u00e7o m\u00e9dico da Presid\u00eancia da Rep\u00fablica. A assessoria da Presid\u00eancia n\u00e3o informou o motivo. Ao deixar o local, foi para a resid\u00eancia oficial no Alvorada, conversou com apoiadores durante seis minutos, se disse &#8220;cansado&#8221; e entrou.<\/p>\n\n\n\n<p>Nesta ter\u00e7a, aos apoiadores, ele n\u00e3o explicou se far\u00e1 uma cirurgia para retirar o c\u00e1lculo que diz ter na bexiga nem se referiu \u00e0 visita ao servi\u00e7o m\u00e9dico no dia anterior.<\/p>\n\n\n\n<p>Bolsonaro participou nesta ter\u00e7a-feira de sete compromissos, segundo a agenda oficial divulgada pelo Planalto. Pela manh\u00e3, recebeu ministros e parlamentares em caf\u00e9 da manh\u00e3 no Pal\u00e1cio da Alvorada \u00e0s 8h. Ap\u00f3s o encontro, anunciou a extens\u00e3o do aux\u00edlio emergencial por mais quatro meses e o envio da reforma administrativa ao Congresso na pr\u00f3xima quinta-feira (03).<\/p>\n\n\n\n<p>Durante o dia, o presidente tamb\u00e9m se reuniu com ministros e participou de tr\u00eas cerim\u00f4nias: uma homenagem p\u00f3stuma ao m\u00fasico paraibano Pinto do Acordeon; o lan\u00e7amento de um programa a fim de levar internet banda larga para a regi\u00e3o Norte do pa\u00eds e a cerim\u00f4nia de posse de ministros do Tribunal Superior Eleitoral.<\/p>\n\n\n\n<p><strong>Ponte em Rond\u00f4nia<\/strong><\/p>\n\n\n\n<p>Durante a conversa com os apoiadores nesta ter\u00e7a, o presidente disse que qualquer mudan\u00e7a no projeto de constru\u00e7\u00e3o da ponte sobre o rio Guapor\u00e9, na cidade de Costa Marques, em Rond\u00f4nia, que fronteira faz com a Bol\u00edvia, s\u00f3 poder\u00e1 ser feita com a aprova\u00e7\u00e3o do pa\u00eds vizinho.<\/p>\n\n\n\n<p>Segundo Bolsonaro, a presidente da Bol\u00edvia, Jeanine \u00c1\u00f1ez, afirmou que o chefe de Estado brasileiro estava discordando de um pacto entre os dois pa\u00edses para a constru\u00e7\u00e3o da ponte.<\/p>\n\n\n\n<p>&#8220;Houve at\u00e9 manifesta\u00e7\u00e3o da senhora presidente da Bol\u00edvia dizendo que eu estava discordando de um acordo firmado l\u00e1 atr\u00e1s. Olha, qualquer ponte com outro pa\u00eds n\u00e3o vai ser uma decis\u00e3o unilateral nossa&#8221;, afirmou Bolsonaro.<\/p>\n\n\n\n<p>O presidente disse a apoiadores que vai evitar falar sobre assuntos como esse nas conversas com eles no Pal\u00e1cio do Alvorada porque, segundo afirmou, as declara\u00e7\u00f5es t\u00eam &#8220;uma repercuss\u00e3o enorme&#8221;.<\/p>\n\n\n\n<p>&#8220;Logicamente, levar-se-ia em considera\u00e7\u00e3o os interesses de outro pa\u00eds. N\u00e3o sei porque uma simples declara\u00e7\u00e3o como aquela d\u00e1 uma repercuss\u00e3o enorme em um pa\u00eds vizinho nosso, que \u00e9 a Bol\u00edvia&#8221;, declarou.<\/p>\n","protected":false},"excerpt":{"rendered":"<p>O presidente Jair Bolsonaro disse na noite desta ter\u00e7a-feira (1\u00ba) a apoiadores na portaria do Pal\u00e1cio da Alvorada que resolveu retirar um c\u00e1lculo alojado na&hellip; <\/p>\n","protected":false},"author":2,"featured_media":186764,"comment_status":"closed","ping_status":"closed","sticky":false,"template":"","format":"standard","meta":{"sfsi_plus_gutenberg_text_before_share":"","sfsi_plus_gutenberg_show_text_before_share":"","sfsi_plus_gutenberg_icon_type":"","sfsi_plus_gutenberg_icon_alignemt":"","sfsi_plus_gutenburg_max_per_row":"","footnotes":""},"categories":[11],"tags":[],"class_list":["post-186763","post","type-post","status-publish","format-standard","has-post-thumbnail","hentry","category-politica"],"_links":{"self":[{"href":"https:\/\/www.caririemacao.com\/1\/wp-json\/wp\/v2\/posts\/186763","targetHints":{"allow":["GET"]}}],"collection":[{"href":"https:\/\/www.caririemacao.com\/1\/wp-json\/wp\/v2\/posts"}],"about":[{"href":"https:\/\/www.caririemacao.com\/1\/wp-json\/wp\/v2\/types\/post"}],"author":[{"embeddable":true,"href":"https:\/\/www.caririemacao.com\/1\/wp-json\/wp\/v2\/users\/2"}],"replies":[{"embeddable":true,"href":"https:\/\/www.caririemacao.com\/1\/wp-json\/wp\/v2\/comments?post=186763"}],"version-history":[{"count":1,"href":"https:\/\/www.caririemacao.com\/1\/wp-json\/wp\/v2\/posts\/186763\/revisions"}],"predecessor-version":[{"id":186765,"href":"https:\/\/www.caririemacao.com\/1\/wp-json\/wp\/v2\/posts\/186763\/revisions\/186765"}],"wp:featuredmedia":[{"embeddable":true,"href":"https:\/\/www.caririemacao.com\/1\/wp-json\/wp\/v2\/media\/186764"}],"wp:attachment":[{"href":"https:\/\/www.caririemacao.com\/1\/wp-json\/wp\/v2\/media?parent=186763"}],"wp:term":[{"taxonomy":"category","embeddable":true,"href":"https:\/\/www.caririemacao.com\/1\/wp-json\/wp\/v2\/categories?post=186763"},{"taxonomy":"post_tag","embeddable":true,"href":"https:\/\/www.caririemacao.com\/1\/wp-json\/wp\/v2\/tags?post=186763"}],"curies":[{"name":"wp","href":"https:\/\/api.w.org\/{rel}","templated":true}]}}