{"id":186775,"date":"2020-09-03T09:35:43","date_gmt":"2020-09-03T12:35:43","guid":{"rendered":"https:\/\/www.caririemacao.com\/1\/?p=186775"},"modified":"2020-09-03T09:35:43","modified_gmt":"2020-09-03T12:35:43","slug":"ex-assessor-de-carlos-bolsonaro-retirou-em-especie-todo-o-salario","status":"publish","type":"post","link":"https:\/\/www.caririemacao.com\/1\/2020\/09\/03\/ex-assessor-de-carlos-bolsonaro-retirou-em-especie-todo-o-salario\/","title":{"rendered":"Ex-assessor de Carlos Bolsonaro retirou em esp\u00e9cie todo o sal\u00e1rio"},"content":{"rendered":"\n<h3 class=\"wp-block-heading\"><\/h3>\n\n\n\n<hr class=\"wp-block-separator\"\/>\n\n\n\n<p>O cabeleireiro M\u00e1rcio Gerbatim sacou, mensalmente, todo o sal\u00e1rio que recebeu como assessor do vereador&nbsp;<a href=\"https:\/\/wscom.com.br\/mp-investiga-suposta-contratacao-de-funcionarios-fantasmas-desde-o-1o-mandato-por-carlos-bolsonaro\/\" target=\"_blank\" rel=\"noreferrer noopener\"><strong>Carlos Bolsonaro<\/strong><\/a>, filho do presidente da Rep\u00fablica. \u00c9 o que mostram extratos banc\u00e1rios verificados no \u00e2mbito de investiga\u00e7\u00e3o do Minist\u00e9rio P\u00fablico do Rio de Janeiro.<\/p>\n\n\n\n<p>O inqu\u00e9rito apura um esquema de desvio de recursos no antigo gabinete do senador Fl\u00e1vio Bolsonaro (Republicanos-RJ) na Assembleia Legislativa do Rio (Alerj). Por determina\u00e7\u00e3o da Justi\u00e7a, foram quebrados os sigilos banc\u00e1rios de Fl\u00e1vio e ex-assessores, caso de Gerbatim, que foi funcion\u00e1rio do ent\u00e3o deputado estadual entre 2010 e 2011, ap\u00f3s trabalhar no gabinete do irm\u00e3o.<\/p>\n\n\n\n<p>Reportagem do Globo aponta que a conta no Banco do Brasil que aparece na investiga\u00e7\u00e3o foi usada pelo cabeleireiro para receber o sal\u00e1rio como funcion\u00e1rio da Alerj, mas, como o per\u00edodo da quebra do sigilo vai de 2007 a 2018, os extratos tamb\u00e9m mostram sua movimenta\u00e7\u00e3o banc\u00e1ria quando foi assessor de Carlos na C\u00e2mara de Vereadores do Rio.<\/p>\n\n\n\n<p>Carlos Bolsonaro \u00e9 investigado em outro procedimento do MP-RJ, sob suspeita de \u201crachadinha\u201d e de ter nomeado funcion\u00e1rios fantasmas.<\/p>\n\n\n\n<p>Entre maio de 2008 e maio de 2010, quando recebeu o \u00faltimo pagamento, Gerbatim obteve R$ 89.143,64 da C\u00e2mara de Vereadores. No mesmo per\u00edodo, o total de cr\u00e9ditos na sua conta foi de R$ 93.422,91. J\u00e1 as retiradas em dinheiro vivo totalizaram R$ 90.028,96.<\/p>\n\n\n\n<p>Gerbatim recebia o sal\u00e1rio sempre antes do dia 5 de cada m\u00eas e, em seguida, efetuava saques. No dia 1\u00ba de maio de 2008, recebeu remunera\u00e7\u00e3o l\u00edquida de R$ 3.014,59. No dia seguinte, fez dois saques: um de R$ 400 e outro de R$ 500. No dia 3, outra retirada, esta de R$ 2.070 \u2014 o que d\u00e1 um total de R$ 2.970. Em 1\u00ba de julho de 2008, ele recebeu R$ 4.210 e, no mesmo dia, sacou exatamente o mesmo valor. Em agosto, a situa\u00e7\u00e3o se repetiu: ganhou R$ 3.077 e retirou R$ 3.099 no mesmo dia. Meses depois, em fevereiro de 2009, Gerbatim recebeu R$ 3.318 e sacou R$ 3.169.<\/p>\n","protected":false},"excerpt":{"rendered":"<p>O cabeleireiro M\u00e1rcio Gerbatim sacou, mensalmente, todo o sal\u00e1rio que recebeu como assessor do vereador&nbsp;Carlos Bolsonaro, filho do presidente da Rep\u00fablica. \u00c9 o que mostram&hellip; <\/p>\n","protected":false},"author":2,"featured_media":186776,"comment_status":"closed","ping_status":"closed","sticky":false,"template":"","format":"standard","meta":{"sfsi_plus_gutenberg_text_before_share":"","sfsi_plus_gutenberg_show_text_before_share":"","sfsi_plus_gutenberg_icon_type":"","sfsi_plus_gutenberg_icon_alignemt":"","sfsi_plus_gutenburg_max_per_row":"","footnotes":""},"categories":[11],"tags":[],"class_list":["post-186775","post","type-post","status-publish","format-standard","has-post-thumbnail","hentry","category-politica"],"_links":{"self":[{"href":"https:\/\/www.caririemacao.com\/1\/wp-json\/wp\/v2\/posts\/186775","targetHints":{"allow":["GET"]}}],"collection":[{"href":"https:\/\/www.caririemacao.com\/1\/wp-json\/wp\/v2\/posts"}],"about":[{"href":"https:\/\/www.caririemacao.com\/1\/wp-json\/wp\/v2\/types\/post"}],"author":[{"embeddable":true,"href":"https:\/\/www.caririemacao.com\/1\/wp-json\/wp\/v2\/users\/2"}],"replies":[{"embeddable":true,"href":"https:\/\/www.caririemacao.com\/1\/wp-json\/wp\/v2\/comments?post=186775"}],"version-history":[{"count":1,"href":"https:\/\/www.caririemacao.com\/1\/wp-json\/wp\/v2\/posts\/186775\/revisions"}],"predecessor-version":[{"id":186777,"href":"https:\/\/www.caririemacao.com\/1\/wp-json\/wp\/v2\/posts\/186775\/revisions\/186777"}],"wp:featuredmedia":[{"embeddable":true,"href":"https:\/\/www.caririemacao.com\/1\/wp-json\/wp\/v2\/media\/186776"}],"wp:attachment":[{"href":"https:\/\/www.caririemacao.com\/1\/wp-json\/wp\/v2\/media?parent=186775"}],"wp:term":[{"taxonomy":"category","embeddable":true,"href":"https:\/\/www.caririemacao.com\/1\/wp-json\/wp\/v2\/categories?post=186775"},{"taxonomy":"post_tag","embeddable":true,"href":"https:\/\/www.caririemacao.com\/1\/wp-json\/wp\/v2\/tags?post=186775"}],"curies":[{"name":"wp","href":"https:\/\/api.w.org\/{rel}","templated":true}]}}