{"id":186779,"date":"2020-09-03T09:41:38","date_gmt":"2020-09-03T12:41:38","guid":{"rendered":"https:\/\/www.caririemacao.com\/1\/?p=186779"},"modified":"2020-09-03T09:41:38","modified_gmt":"2020-09-03T12:41:38","slug":"sume-registra-tres-casos-de-coronavirus-nesta-quarta-feira-02","status":"publish","type":"post","link":"https:\/\/www.caririemacao.com\/1\/2020\/09\/03\/sume-registra-tres-casos-de-coronavirus-nesta-quarta-feira-02\/","title":{"rendered":"Sum\u00e9 registra tr\u00eas casos de coronav\u00edrus nesta quarta-feira, 02"},"content":{"rendered":"\n<h1 class=\"wp-block-heading\"><\/h1>\n\n\n\n<p>A Secretaria Municipal de Sa\u00fade de Sum\u00e9 informa que 03 casos positivos foram registrados nesta quarta-feira, 02.<\/p>\n\n\n\n<p>O primeiro caso, trata-se de um paciente do sexo masculino, 24 anos, com comorbidades, residente no Frei Dami\u00e3o.<\/p>\n\n\n\n<p>O outro caso positivo refere-se tamb\u00e9m a um homem, 36 anos, sem comorbidades, tamb\u00e9m morador do Frei Dami\u00e3o.<\/p>\n\n\n\n<p>O terceiro caso, uma paciente do sexo feminino, 40 anos, sem comorbidades, moradora do Centro.<\/p>\n\n\n\n<p>Foram registrados 2 casos recuperados na data de hoje.<\/p>\n\n\n\n<p>A batalha contra o coronav\u00edrus ainda n\u00e3o foi vencida, por isso n\u00e3o baixe sua guarda, continue seguindo medidas comprovadamente capazes de te proteger, como: Lavar frequente as m\u00e3os; usar \u00e1lcool em gel 70%; ao sair usar m\u00e1scara e evitar ambientes aglomerados.<\/p>\n","protected":false},"excerpt":{"rendered":"<p>A Secretaria Municipal de Sa\u00fade de Sum\u00e9 informa que 03 casos positivos foram registrados nesta quarta-feira, 02. O primeiro caso, trata-se de um paciente do&hellip; <\/p>\n","protected":false},"author":2,"featured_media":186780,"comment_status":"closed","ping_status":"closed","sticky":false,"template":"","format":"standard","meta":{"sfsi_plus_gutenberg_text_before_share":"","sfsi_plus_gutenberg_show_text_before_share":"","sfsi_plus_gutenberg_icon_type":"","sfsi_plus_gutenberg_icon_alignemt":"","sfsi_plus_gutenburg_max_per_row":"","footnotes":""},"categories":[2],"tags":[],"class_list":["post-186779","post","type-post","status-publish","format-standard","has-post-thumbnail","hentry","category-geral"],"_links":{"self":[{"href":"https:\/\/www.caririemacao.com\/1\/wp-json\/wp\/v2\/posts\/186779","targetHints":{"allow":["GET"]}}],"collection":[{"href":"https:\/\/www.caririemacao.com\/1\/wp-json\/wp\/v2\/posts"}],"about":[{"href":"https:\/\/www.caririemacao.com\/1\/wp-json\/wp\/v2\/types\/post"}],"author":[{"embeddable":true,"href":"https:\/\/www.caririemacao.com\/1\/wp-json\/wp\/v2\/users\/2"}],"replies":[{"embeddable":true,"href":"https:\/\/www.caririemacao.com\/1\/wp-json\/wp\/v2\/comments?post=186779"}],"version-history":[{"count":1,"href":"https:\/\/www.caririemacao.com\/1\/wp-json\/wp\/v2\/posts\/186779\/revisions"}],"predecessor-version":[{"id":186781,"href":"https:\/\/www.caririemacao.com\/1\/wp-json\/wp\/v2\/posts\/186779\/revisions\/186781"}],"wp:featuredmedia":[{"embeddable":true,"href":"https:\/\/www.caririemacao.com\/1\/wp-json\/wp\/v2\/media\/186780"}],"wp:attachment":[{"href":"https:\/\/www.caririemacao.com\/1\/wp-json\/wp\/v2\/media?parent=186779"}],"wp:term":[{"taxonomy":"category","embeddable":true,"href":"https:\/\/www.caririemacao.com\/1\/wp-json\/wp\/v2\/categories?post=186779"},{"taxonomy":"post_tag","embeddable":true,"href":"https:\/\/www.caririemacao.com\/1\/wp-json\/wp\/v2\/tags?post=186779"}],"curies":[{"name":"wp","href":"https:\/\/api.w.org\/{rel}","templated":true}]}}