{"id":186786,"date":"2020-09-03T09:52:22","date_gmt":"2020-09-03T12:52:22","guid":{"rendered":"https:\/\/www.caririemacao.com\/1\/?p=186786"},"modified":"2020-09-03T09:52:22","modified_gmt":"2020-09-03T12:52:22","slug":"comeca-hoje-a-semana-brasil-com-promocoes-em-lojas-de-diversos-segmentos-em-todo-o-pais","status":"publish","type":"post","link":"https:\/\/www.caririemacao.com\/1\/2020\/09\/03\/comeca-hoje-a-semana-brasil-com-promocoes-em-lojas-de-diversos-segmentos-em-todo-o-pais\/","title":{"rendered":"Come\u00e7a hoje a Semana Brasil com promo\u00e7\u00f5es em lojas de diversos segmentos em todo o pa\u00eds"},"content":{"rendered":"\n<h1 class=\"wp-block-heading\"><\/h1>\n\n\n\n<p>Come\u00e7a nesta quinta-feira (3) e segue at\u00e9 o dia 13 de setembro a segunda edi\u00e7\u00e3o da Semana Brasil. Coordenada pelo Instituto para Desenvolvimento do Varejo (IDV), com apoio da Secretaria Especial de Comunica\u00e7\u00e3o Social (Secom), a edi\u00e7\u00e3o de 2020 conta com o slogan \u201cTodos juntos com seguran\u00e7a pela retomada e o emprego\u201d, e foi pensada para ser o primeiro grande evento do varejo no pa\u00eds ap\u00f3s a reabertura gradual do com\u00e9rcio. Conhecida como a Black Friday Brasileira, o evento promove descontos em lojas f\u00edsicas e virtuais de todo o pa\u00eds.<\/p>\n\n\n\n<p>Na Para\u00edba, lojas dos mais diversos segmentos devem participar, uma delas \u00e9 a Ferreira Costa, que tem expectativa de crescimento das vendas em 10% durante esse per\u00edodo. Na Semana Brasil do ano passado, a empresa teve um aumento de 5% nas vendas. A empresa tamb\u00e9m teve um crescimento de 30% no acesso \u00e0 loja virtual, o que \u00e9 considerado um reflexo da pandemia.&nbsp;<\/p>\n\n\n\n<p>O presidente da C\u00e2mara dos Dirigentes Lojistas de Jo\u00e3o Pessoa (CDL-JP), Nivaldo Vilar, destacou que a pandemia traz desafios para a Semana Brasil. &#8221;Quando a gente faz promo\u00e7\u00f5es \u00e0s vezes atrai muito p\u00fablico, mas por causa das medidas sanit\u00e1rias o lojista n\u00e3o pode atender muita gente ao mesmo tempo&#8221;, comentou. Por isso as compras online s\u00e3o uma op\u00e7\u00e3o e muitas lojas far\u00e3o promo\u00e7\u00f5es pela internet.<\/p>\n\n\n\n<p>De acordo com Nivaldo Vilar, a Semana do Brasil \u00e9 uma parceria entre o setor p\u00fablico e a iniciativa privada que visa movimentar a economia no m\u00eas de setembro e a inten\u00e7\u00e3o \u00e9 que a a\u00e7\u00e3o se repita todos os anos. Como a participa\u00e7\u00e3o de cada lojista \u00e9 opcional, ele explicou que a CDL-JP n\u00e3o tem a quantidade exata de lojas participantes.<\/p>\n","protected":false},"excerpt":{"rendered":"<p>Come\u00e7a nesta quinta-feira (3) e segue at\u00e9 o dia 13 de setembro a segunda edi\u00e7\u00e3o da Semana Brasil. Coordenada pelo Instituto para Desenvolvimento do Varejo&hellip; <\/p>\n","protected":false},"author":2,"featured_media":186787,"comment_status":"closed","ping_status":"closed","sticky":false,"template":"","format":"standard","meta":{"sfsi_plus_gutenberg_text_before_share":"","sfsi_plus_gutenberg_show_text_before_share":"","sfsi_plus_gutenberg_icon_type":"","sfsi_plus_gutenberg_icon_alignemt":"","sfsi_plus_gutenburg_max_per_row":"","footnotes":""},"categories":[50,2],"tags":[],"class_list":["post-186786","post","type-post","status-publish","format-standard","has-post-thumbnail","hentry","category-destaque","category-geral"],"_links":{"self":[{"href":"https:\/\/www.caririemacao.com\/1\/wp-json\/wp\/v2\/posts\/186786","targetHints":{"allow":["GET"]}}],"collection":[{"href":"https:\/\/www.caririemacao.com\/1\/wp-json\/wp\/v2\/posts"}],"about":[{"href":"https:\/\/www.caririemacao.com\/1\/wp-json\/wp\/v2\/types\/post"}],"author":[{"embeddable":true,"href":"https:\/\/www.caririemacao.com\/1\/wp-json\/wp\/v2\/users\/2"}],"replies":[{"embeddable":true,"href":"https:\/\/www.caririemacao.com\/1\/wp-json\/wp\/v2\/comments?post=186786"}],"version-history":[{"count":1,"href":"https:\/\/www.caririemacao.com\/1\/wp-json\/wp\/v2\/posts\/186786\/revisions"}],"predecessor-version":[{"id":186788,"href":"https:\/\/www.caririemacao.com\/1\/wp-json\/wp\/v2\/posts\/186786\/revisions\/186788"}],"wp:featuredmedia":[{"embeddable":true,"href":"https:\/\/www.caririemacao.com\/1\/wp-json\/wp\/v2\/media\/186787"}],"wp:attachment":[{"href":"https:\/\/www.caririemacao.com\/1\/wp-json\/wp\/v2\/media?parent=186786"}],"wp:term":[{"taxonomy":"category","embeddable":true,"href":"https:\/\/www.caririemacao.com\/1\/wp-json\/wp\/v2\/categories?post=186786"},{"taxonomy":"post_tag","embeddable":true,"href":"https:\/\/www.caririemacao.com\/1\/wp-json\/wp\/v2\/tags?post=186786"}],"curies":[{"name":"wp","href":"https:\/\/api.w.org\/{rel}","templated":true}]}}