{"id":186797,"date":"2020-09-03T13:32:43","date_gmt":"2020-09-03T16:32:43","guid":{"rendered":"https:\/\/www.caririemacao.com\/1\/?p=186797"},"modified":"2020-09-03T13:32:43","modified_gmt":"2020-09-03T16:32:43","slug":"policia-civil-apreende-armas-de-fogo-em-cidade-do-cariri","status":"publish","type":"post","link":"https:\/\/www.caririemacao.com\/1\/2020\/09\/03\/policia-civil-apreende-armas-de-fogo-em-cidade-do-cariri\/","title":{"rendered":"Pol\u00edcia Civil apreende armas de fogo em cidade do Cariri"},"content":{"rendered":"\n<h1 class=\"wp-block-heading\"><\/h1>\n\n\n\n<hr class=\"wp-block-separator\"\/>\n\n\n\n<p>Na tarde desta quarta-feira(02) policiais civis da Delegacia de Cara\u00fabas, ap\u00f3s receberem den\u00fancias que um popular estaria efetuando disparos de arma de fogo em animais da regi\u00e3o, deslocaram-se at\u00e9 a comunidade do Angiquinho, na zona rural de Cara\u00fabas, Cariri da Para\u00edba.<\/p>\n\n\n\n<p>Ap\u00f3s chegarem ao local e terem contato com o denunciado, o mesmo confirmou possuir armas de fogo em sua resid\u00eancia, todavia negou ter efetuado disparos. Foram apreendidas 04 (quatro) Espingardas na qual foram encaminhadas \u00e0 Delegacia de Cara\u00fabas, onde o indiv\u00edduo foi autuado em flagrante pela posse de arma de fogo.<\/p>\n\n\n\n<p>Sendo arbitrada a fian\u00e7a, que ap\u00f3s recolhida, o autuado foi posto em liberdade. O \u00eaxito da a\u00e7\u00e3o s\u00f3 foi poss\u00edvel gra\u00e7as a colabora\u00e7\u00e3o da popula\u00e7\u00e3o, atrav\u00e9s das den\u00fancias efetuadas.<\/p>\n\n\n\n<p>A Unidade Policial disponibiliza o telefone \u00fatil para que outras pessoas possam efetuar den\u00fancias, sendo assegurado o anonimato. Delegacia de S\u00e3o Jo\u00e3o do Cariri \u2013 Cara\u00fabas \u2013 Gurjao: (83) 3355-1136. Disk Den\u00fancia: 197.<\/p>\n","protected":false},"excerpt":{"rendered":"<p>Na tarde desta quarta-feira(02) policiais civis da Delegacia de Cara\u00fabas, ap\u00f3s receberem den\u00fancias que um popular estaria efetuando disparos de arma de fogo em animais&hellip; <\/p>\n","protected":false},"author":2,"featured_media":186798,"comment_status":"closed","ping_status":"closed","sticky":false,"template":"","format":"standard","meta":{"sfsi_plus_gutenberg_text_before_share":"","sfsi_plus_gutenberg_show_text_before_share":"","sfsi_plus_gutenberg_icon_type":"","sfsi_plus_gutenberg_icon_alignemt":"","sfsi_plus_gutenburg_max_per_row":"","footnotes":""},"categories":[12],"tags":[],"class_list":["post-186797","post","type-post","status-publish","format-standard","has-post-thumbnail","hentry","category-policia"],"_links":{"self":[{"href":"https:\/\/www.caririemacao.com\/1\/wp-json\/wp\/v2\/posts\/186797","targetHints":{"allow":["GET"]}}],"collection":[{"href":"https:\/\/www.caririemacao.com\/1\/wp-json\/wp\/v2\/posts"}],"about":[{"href":"https:\/\/www.caririemacao.com\/1\/wp-json\/wp\/v2\/types\/post"}],"author":[{"embeddable":true,"href":"https:\/\/www.caririemacao.com\/1\/wp-json\/wp\/v2\/users\/2"}],"replies":[{"embeddable":true,"href":"https:\/\/www.caririemacao.com\/1\/wp-json\/wp\/v2\/comments?post=186797"}],"version-history":[{"count":1,"href":"https:\/\/www.caririemacao.com\/1\/wp-json\/wp\/v2\/posts\/186797\/revisions"}],"predecessor-version":[{"id":186799,"href":"https:\/\/www.caririemacao.com\/1\/wp-json\/wp\/v2\/posts\/186797\/revisions\/186799"}],"wp:featuredmedia":[{"embeddable":true,"href":"https:\/\/www.caririemacao.com\/1\/wp-json\/wp\/v2\/media\/186798"}],"wp:attachment":[{"href":"https:\/\/www.caririemacao.com\/1\/wp-json\/wp\/v2\/media?parent=186797"}],"wp:term":[{"taxonomy":"category","embeddable":true,"href":"https:\/\/www.caririemacao.com\/1\/wp-json\/wp\/v2\/categories?post=186797"},{"taxonomy":"post_tag","embeddable":true,"href":"https:\/\/www.caririemacao.com\/1\/wp-json\/wp\/v2\/tags?post=186797"}],"curies":[{"name":"wp","href":"https:\/\/api.w.org\/{rel}","templated":true}]}}