{"id":186801,"date":"2020-09-03T13:35:40","date_gmt":"2020-09-03T16:35:40","guid":{"rendered":"https:\/\/www.caririemacao.com\/1\/?p=186801"},"modified":"2020-09-03T13:35:40","modified_gmt":"2020-09-03T16:35:40","slug":"prf-inicia-operacao-independencia-nas-rodovias-federais-da-paraiba","status":"publish","type":"post","link":"https:\/\/www.caririemacao.com\/1\/2020\/09\/03\/prf-inicia-operacao-independencia-nas-rodovias-federais-da-paraiba\/","title":{"rendered":"PRF inicia Opera\u00e7\u00e3o Independ\u00eancia nas rodovias federais da Para\u00edba"},"content":{"rendered":"\n<h1 class=\"wp-block-heading\"><\/h1>\n\n\n\n<p>A Pol\u00edcia Rodovi\u00e1ria Federal (PRF) na Para\u00edba inicia na madrugada desta sexta-feira (4) a Opera\u00e7\u00e3o Independ\u00eancia nas rodovias federais do estado, refor\u00e7ando o policiamento ostensivo para garantir a seguran\u00e7a e a fluidez do tr\u00e2nsito no feriado. A Opera\u00e7\u00e3o ir\u00e1 at\u00e9 as 24 horas do dia 7 de setembro.<\/p>\n\n\n\n<p>Esse \u00e9 o primeiro feriado prolongado ap\u00f3s o in\u00edcio do isolamento social provocado pela pandemia da Covid-19 que dever\u00e1 impactar no aumento de ve\u00edculos circulando nas rodovias federais paraibanas. Para reduzir o n\u00famero de acidentes, a PRF priorizar\u00e1 as a\u00e7\u00f5es preventivas para a diminui\u00e7\u00e3o da viol\u00eancia no tr\u00e2nsito e de acidentes relacionados ao consumo de bebidas alco\u00f3licas associados \u00e0 dire\u00e7\u00e3o de ve\u00edculos, \u00e0s ultrapassagens proibidas e acidentes envolvendo motocicletas e ciclomotores. O planejamento da Pol\u00edcia Rodovi\u00e1ria Federal faz parte de esfor\u00e7os para a redu\u00e7\u00e3o da viol\u00eancia no tr\u00e2nsito.<\/p>\n\n\n\n<p>Ser\u00e3o intensificadas as fiscaliza\u00e7\u00f5es com o uso de etil\u00f4metros, bem como de excesso de passageiros nos ve\u00edculos, uso de cinto de seguran\u00e7a para os condutores e passageiros, averigua\u00e7\u00e3o do estado de conserva\u00e7\u00e3o dos ve\u00edculos, tais como dos pneus, estepe e sistema de ilumina\u00e7\u00e3o.&nbsp;<\/p>\n\n\n\n<p>As fiscaliza\u00e7\u00f5es de motocicletas tamb\u00e9m ser\u00e3o intensificadas durante a Opera\u00e7\u00e3o. Apenas este ano 64% dos acidentes graves ocorridos nas rodovias federais paraibanas e 50% das mortes envolveram motocicletas.&nbsp;<\/p>\n\n\n\n<p>As a\u00e7\u00f5es de combate ao crime tamb\u00e9m ser\u00e3o refor\u00e7adas com fiscaliza\u00e7\u00f5es espec\u00edficas a autom\u00f3veis, motocicletas e \u00f4nibus que circulam entre os estados, buscando promover a seguran\u00e7a de todos que trafegam pelas rodovias federais da Para\u00edba.<\/p>\n\n\n\n<p><strong>Dicas para uma viagem segura<\/strong><\/p>\n\n\n\n<p>A PRF recomenda aos motoristas algumas condutas para garantir uma viagem segura:<br>\u2013 Fa\u00e7a uma revis\u00e3o no ve\u00edculo antes de viajar: verifique principalmente pneus (inclusive o estepe), palhetas dos limpadores de para-brisa e itens de ilumina\u00e7\u00e3o e sinaliza\u00e7\u00e3o;<br>\u2013 Planeje a viagem: lembre-se de programar paradas em locais adequados para abastecimento, alimenta\u00e7\u00e3o e descanso. O acostamento deve ser utilizado apenas para situa\u00e7\u00f5es emergenciais;<br>&#8211; Jamais fa\u00e7a a mistura perigosa e criminosa que \u00e9 dirigir sob efeito de \u00e1lcool.<br>\u2013 Mantenha a aten\u00e7\u00e3o na rodovia: respeite a sinaliza\u00e7\u00e3o e os limites de velocidade, eles existem para proteger a sua vida;<br>\u2013 Mantenha sempre os far\u00f3is ligados para que seu ve\u00edculo fique mais vis\u00edvel aos demais condutores e pedestres;<br>&#8211; Lembre-se que o cinto de seguran\u00e7a \u00e9 obrigat\u00f3rio para todos os ocupantes do ve\u00edculo;<br>&#8211; Em caso de emerg\u00eancia e necessidade de apoio da PRF, ligue para o telefone de emerg\u00eancia 191.<\/p>\n\n\n\n<p><strong>RESTRI\u00c7\u00c3O AO TR\u00c1FEGO<\/strong><\/p>\n\n\n\n<p>Durante o feriado, haver\u00e1 restri\u00e7\u00e3o de tr\u00e1fego para alguns ve\u00edculos de carga nas rodovias federais, em trechos de pista simples, para proporcionar uma maior seguran\u00e7a no tr\u00e2nsito.<br>N\u00e3o ser\u00e1 permitido o tr\u00e2nsito de ve\u00edculos ou combina\u00e7\u00e3o de ve\u00edculos, cujos pesos e dimens\u00f5es excedam qualquer dos seguintes limites: 2,6m de largura; 4,4m de altura; 19,8m de comprimento e 57 toneladas de Peso Bruto Total.<\/p>\n\n\n\n<p>A restri\u00e7\u00e3o seguir\u00e1 conforme os dias e hor\u00e1rios a seguir:<br>04\/09\/2020 (sexta-feira) \u2013 16:00 \u00e0s 22:00<br>05\/09\/2020 (s\u00e1bado) \u2013 06:00 \u00e0s 12:00<br>07\/09\/2020 (segunda-feira) \u2013 16:00 \u00e0s 22:00<\/p>\n","protected":false},"excerpt":{"rendered":"<p>A Pol\u00edcia Rodovi\u00e1ria Federal (PRF) na Para\u00edba inicia na madrugada desta sexta-feira (4) a Opera\u00e7\u00e3o Independ\u00eancia nas rodovias federais do estado, refor\u00e7ando o policiamento ostensivo&hellip; <\/p>\n","protected":false},"author":2,"featured_media":186802,"comment_status":"closed","ping_status":"closed","sticky":false,"template":"","format":"standard","meta":{"sfsi_plus_gutenberg_text_before_share":"","sfsi_plus_gutenberg_show_text_before_share":"","sfsi_plus_gutenberg_icon_type":"","sfsi_plus_gutenberg_icon_alignemt":"","sfsi_plus_gutenburg_max_per_row":"","footnotes":""},"categories":[12],"tags":[],"class_list":["post-186801","post","type-post","status-publish","format-standard","has-post-thumbnail","hentry","category-policia"],"_links":{"self":[{"href":"https:\/\/www.caririemacao.com\/1\/wp-json\/wp\/v2\/posts\/186801","targetHints":{"allow":["GET"]}}],"collection":[{"href":"https:\/\/www.caririemacao.com\/1\/wp-json\/wp\/v2\/posts"}],"about":[{"href":"https:\/\/www.caririemacao.com\/1\/wp-json\/wp\/v2\/types\/post"}],"author":[{"embeddable":true,"href":"https:\/\/www.caririemacao.com\/1\/wp-json\/wp\/v2\/users\/2"}],"replies":[{"embeddable":true,"href":"https:\/\/www.caririemacao.com\/1\/wp-json\/wp\/v2\/comments?post=186801"}],"version-history":[{"count":1,"href":"https:\/\/www.caririemacao.com\/1\/wp-json\/wp\/v2\/posts\/186801\/revisions"}],"predecessor-version":[{"id":186803,"href":"https:\/\/www.caririemacao.com\/1\/wp-json\/wp\/v2\/posts\/186801\/revisions\/186803"}],"wp:featuredmedia":[{"embeddable":true,"href":"https:\/\/www.caririemacao.com\/1\/wp-json\/wp\/v2\/media\/186802"}],"wp:attachment":[{"href":"https:\/\/www.caririemacao.com\/1\/wp-json\/wp\/v2\/media?parent=186801"}],"wp:term":[{"taxonomy":"category","embeddable":true,"href":"https:\/\/www.caririemacao.com\/1\/wp-json\/wp\/v2\/categories?post=186801"},{"taxonomy":"post_tag","embeddable":true,"href":"https:\/\/www.caririemacao.com\/1\/wp-json\/wp\/v2\/tags?post=186801"}],"curies":[{"name":"wp","href":"https:\/\/api.w.org\/{rel}","templated":true}]}}