{"id":186805,"date":"2020-09-03T13:42:52","date_gmt":"2020-09-03T16:42:52","guid":{"rendered":"https:\/\/www.caririemacao.com\/1\/?p=186805"},"modified":"2020-09-03T13:42:52","modified_gmt":"2020-09-03T16:42:52","slug":"revelacoes-bolsonaro-para-moro-tenha-dignidade-para-se-demitir","status":"publish","type":"post","link":"https:\/\/www.caririemacao.com\/1\/2020\/09\/03\/revelacoes-bolsonaro-para-moro-tenha-dignidade-para-se-demitir\/","title":{"rendered":"Revela\u00e7\u00f5es. Bolsonaro para Moro: \u201cTenha dignidade para se demitir\u201d"},"content":{"rendered":"\n<h1 class=\"wp-block-heading\"><\/h1>\n\n\n\n<p>No di\u00e1logo, o presidente afirmou que aqueles auxiliares que o contrariam deveriam pedir demiss\u00e3o, sugerindo a Moro que este poderia ser o seu caso.<\/p>\n\n\n\n<p>Foram analisadas no relat\u00f3rio da PF, datado do dia 23 de junho, mensagens trocadas entre Bolsonaro e Moro no per\u00edodo entre 12 a 23 de abril.<\/p>\n\n\n\n<p>No dia 12 de abril, o presidente enviou ao ent\u00e3o ministro uma mat\u00e9ria do jornal Valor Econ\u00f4mico na qual Moro opinava sobre eventual ordem de pris\u00e3o contra pessoas que descumprissem o distanciamento social, uma das medidas de combate \u00e0 pandemia do coronav\u00edrus.<\/p>\n\n\n\n<p>\u201cSe esta mat\u00e9ria for verdadeira: Todos os ministros, caso queira contrariar o PR, pode faz\u00ea-lo, mas tenha dignidade para se demitir. Aberto para a imprensa\u201d, afirmou Bolsonaro.<\/p>\n\n\n\n<p>Moro, ent\u00e3o, respondeu: \u201cO que existe \u00e9 o artigo 268 do C\u00f3digo Penal. N\u00e3o falei com imprensa\u201d.<\/p>\n\n\n\n<p>O relat\u00f3rio da PF faz parte do inqu\u00e9rito que apura se houve interfer\u00eancia de Bolsonaro no comando da corpora\u00e7\u00e3o. A pol\u00edcia pediu nesta ter\u00e7a-feira mais 30 dias para concluir as investiga\u00e7\u00f5es.<\/p>\n\n\n\n<p>Outra troca de mensagens inclu\u00edda pela PF no relat\u00f3rio \u00e9 do dia 22 de abril, em que Bolsonaro encaminha a Moro reportagem publicada pelo site O Antagonista, com o t\u00edtulo \u201cPF na cola de 10 a 12 deputados bolsonaristas\u201d.<\/p>\n\n\n\n<p>Assim descreveu a PF sobre o conte\u00fado da mensagem: \u201cA reportagem afirma que \u00b4o primeiro inqu\u00e9rito [Fake News] j\u00e1 tem uma rela\u00e7\u00e3o de 10 a 12 deputados bolsonaristas\u2019, \u2018com o novo inqu\u00e9rito, dificilmente vai dar para parar a investiga\u00e7\u00e3o\u2019, \u2018deve ser por isso que Jair Bolsonaro quer trocar o diretor-geral da PF\u2019 e \u2018grupo palaciano, coordenado pelo vereador Carlos Bolsonaro\u2019.\u201d<\/p>\n\n\n\n<p>\u201cDestaca-se, portanto, suposto receio do PR em haver \u2018deputados bolsonaristas\u2019 sendo investigados pela PF no inqu\u00e9rito de Fake News\u201d, frisou a pol\u00edcia.<\/p>\n\n\n\n<p>Embora em est\u00e1gio avan\u00e7ado, as investiga\u00e7\u00f5es pouco andaram nas \u00faltimas semanas porque segue pendente de decis\u00e3o uma outra solicita\u00e7\u00e3o feita pela PF.<\/p>\n\n\n\n<p>Antes do recesso de julho, os investigadores pediram ao STF para cumprir uma s\u00e9rie de dilig\u00eancias, incluindo o depoimento do presidente da Rep\u00fablica.<\/p>\n\n\n\n<p>Na ocasi\u00e3o, o relator do caso, ministro Celso de Mello, n\u00e3o o despachou. Voltou das f\u00e9rias e pouco depois saiu de licen\u00e7a m\u00e9dica sem se manifestar a respeito.<\/p>\n\n\n\n<p>O procurador-geral da Rep\u00fablica, Augusto Aras, concordou com a dilig\u00eancia e defendeu ao STF que Bolsonaro seja questionado sobre como prefere depor.<\/p>\n\n\n\n<p>A pedido de Aras, o inqu\u00e9rito foi aberto em abril com base nas declara\u00e7\u00f5es que o ex-ministro da Justi\u00e7a Sergio Moro fez contra o chefe do Executivo.<\/p>\n\n\n\n<p>Moro deixou o minist\u00e9rio alegando que Bolsonaro tentou interferir no comando da PF e na Superintend\u00eancia do Rio de Janeiro da corpora\u00e7\u00e3o para proteger familiares e aliados de investiga\u00e7\u00f5es. O jornal Folha de S.Paulo antecipou que o ministro deixaria o cargo.<br>Bolsonaro nega as acusa\u00e7\u00f5es.<\/p>\n\n\n\n<p>At\u00e9 o momento, a PF j\u00e1 colheu depoimentos de Moro, delegados, ministros e pol\u00edticos para embasar o relat\u00f3rio final.<\/p>\n\n\n\n<p>Os elementos colhidos at\u00e9 agora no inqu\u00e9rito que apura as acusa\u00e7\u00f5es de interfer\u00eancia de Bolsonaro na Pol\u00edcia Federal refor\u00e7am a narrativa do ex-ministro sobretudo em rela\u00e7\u00e3o ao Rio de Janeiro.<\/p>\n\n\n\n<p>Oito depoimentos prestados confirmaram a vers\u00e3o de Moro de que o presidente, desde agosto do ano passado, queria trocar o ent\u00e3o diretor-geral da PF, Maur\u00edcio Valeixo. E sete acrescentaram o desejo dele de mexer no comando da Superintend\u00eancia do Rio.<\/p>\n\n\n\n<p>O inqu\u00e9rito foi aberto pelo ministro Celso de Mello a pedido do procurador-geral da Rep\u00fablica, Augusto Aras, a quem caber\u00e1 decidir sobre den\u00fancia ou arquivamento.<\/p>\n\n\n\n<p>Se Bolsonaro for denunciado, a C\u00e2mara aprovar o prosseguimento e o STF aceitar a abertura de a\u00e7\u00e3o penal, ele \u00e9 afastado do cargo automaticamente por 180 dias.<\/p>\n\n\n\n<p>Os crimes investigados s\u00e3o: falsidade ideol\u00f3gica, coa\u00e7\u00e3o no curso do processo, advocacia administrativa, obstru\u00e7\u00e3o de Justi\u00e7a, corrup\u00e7\u00e3o passiva privilegiada, prevarica\u00e7\u00e3o, denuncia\u00e7\u00e3o caluniosa e crime contra a honra.<\/p>\n\n\n\n<p>De acordo com interlocutores do PGR, Moro pode ser enquadrado nos tr\u00eas \u00faltimos, e Bolsonaro, nos seis primeiros.<\/p>\n","protected":false},"excerpt":{"rendered":"<p>No di\u00e1logo, o presidente afirmou que aqueles auxiliares que o contrariam deveriam pedir demiss\u00e3o, sugerindo a Moro que este poderia ser o seu caso. Foram&hellip; <\/p>\n","protected":false},"author":2,"featured_media":186806,"comment_status":"closed","ping_status":"closed","sticky":false,"template":"","format":"standard","meta":{"sfsi_plus_gutenberg_text_before_share":"","sfsi_plus_gutenberg_show_text_before_share":"","sfsi_plus_gutenberg_icon_type":"","sfsi_plus_gutenberg_icon_alignemt":"","sfsi_plus_gutenburg_max_per_row":"","footnotes":""},"categories":[11],"tags":[],"class_list":["post-186805","post","type-post","status-publish","format-standard","has-post-thumbnail","hentry","category-politica"],"_links":{"self":[{"href":"https:\/\/www.caririemacao.com\/1\/wp-json\/wp\/v2\/posts\/186805","targetHints":{"allow":["GET"]}}],"collection":[{"href":"https:\/\/www.caririemacao.com\/1\/wp-json\/wp\/v2\/posts"}],"about":[{"href":"https:\/\/www.caririemacao.com\/1\/wp-json\/wp\/v2\/types\/post"}],"author":[{"embeddable":true,"href":"https:\/\/www.caririemacao.com\/1\/wp-json\/wp\/v2\/users\/2"}],"replies":[{"embeddable":true,"href":"https:\/\/www.caririemacao.com\/1\/wp-json\/wp\/v2\/comments?post=186805"}],"version-history":[{"count":1,"href":"https:\/\/www.caririemacao.com\/1\/wp-json\/wp\/v2\/posts\/186805\/revisions"}],"predecessor-version":[{"id":186807,"href":"https:\/\/www.caririemacao.com\/1\/wp-json\/wp\/v2\/posts\/186805\/revisions\/186807"}],"wp:featuredmedia":[{"embeddable":true,"href":"https:\/\/www.caririemacao.com\/1\/wp-json\/wp\/v2\/media\/186806"}],"wp:attachment":[{"href":"https:\/\/www.caririemacao.com\/1\/wp-json\/wp\/v2\/media?parent=186805"}],"wp:term":[{"taxonomy":"category","embeddable":true,"href":"https:\/\/www.caririemacao.com\/1\/wp-json\/wp\/v2\/categories?post=186805"},{"taxonomy":"post_tag","embeddable":true,"href":"https:\/\/www.caririemacao.com\/1\/wp-json\/wp\/v2\/tags?post=186805"}],"curies":[{"name":"wp","href":"https:\/\/api.w.org\/{rel}","templated":true}]}}