{"id":186819,"date":"2020-09-03T14:08:45","date_gmt":"2020-09-03T17:08:45","guid":{"rendered":"https:\/\/www.caririemacao.com\/1\/?p=186819"},"modified":"2020-09-03T14:08:45","modified_gmt":"2020-09-03T17:08:45","slug":"com-trabalho-remoto-governo-economiza-mais-de-r-690-milhoes","status":"publish","type":"post","link":"https:\/\/www.caririemacao.com\/1\/2020\/09\/03\/com-trabalho-remoto-governo-economiza-mais-de-r-690-milhoes\/","title":{"rendered":"Com trabalho remoto, governo economiza mais de R$ 690 milh\u00f5es"},"content":{"rendered":"\n<h1 class=\"wp-block-heading\"><\/h1>\n\n\n\n<p>O governo federal economizou R$ 691,9 milh\u00f5es com custeio administrativo durante a pandemia do novo coronav\u00edrus (Covid-19). Segundo o Minist\u00e9rio da Economia, a redu\u00e7\u00e3o foi proporcionada pelo trabalho remoto de parte dos servidores p\u00fablicos entre abril e julho de 2020.<\/p>\n\n\n\n<p>O levantamento foi divulgado hoje (3) pelo minist\u00e9rio, que analisou a diminui\u00e7\u00e3o dos gastos em cinco itens de despesa. Entre eles, est\u00e3o di\u00e1rias, passagens e despesas com locomo\u00e7\u00e3o, energia el\u00e9trica, \u00e1gua e esgoto e servi\u00e7os de c\u00f3pias e reprodu\u00e7\u00f5es de documentos.<\/p>\n\n\n\n<p>A maior redu\u00e7\u00e3o de despesas foi com di\u00e1rias, passagens e despesas com locomo\u00e7\u00e3o, no valor de R$ 375,128 milh\u00f5es, de abril e julho deste ano, comparado do igual per\u00edodo de 2019. Em seguida vem servi\u00e7os de energia el\u00e9trica \u2013 com R$ R$ 211,437 milh\u00f5es de redu\u00e7\u00e3o.<\/p>\n\n\n\n<p>\u201cO Minist\u00e9rio tem observado redu\u00e7\u00f5es expressivas nas despesas de custeio nos \u00faltimos meses e cada real economizado em gastos administrativos pode ser investido em \u00e1reas final\u00edsticas. N\u00f3s monitoramos essas despesas para saber onde investir na moderniza\u00e7\u00e3o dos processos\u201d, disse o secret\u00e1rio de Gest\u00e3o da Secretaria Especial de Desburocratiza\u00e7\u00e3o, Gest\u00e3o e Governo Digital do ME, Cristiano Heckert. \u201cA experi\u00eancia do trabalho remoto durante a pandemia demonstrou que muitas atividades podem ser realizadas sem prejudicar o atendimento aos cidad\u00e3os\u201d, complementou Heckert.<\/p>\n\n\n\n<p>Na ter\u00e7a-feira (1\u00ba) entrou em vigor a Instru\u00e7\u00e3o Normativa n\u00ba 65, que estabelece orienta\u00e7\u00f5es para a ado\u00e7\u00e3o do regime de teletrabalho nos \u00f3rg\u00e3os e entidades integrantes do Sistema de Pessoal Civil da Administra\u00e7\u00e3o Federal (Sipec) \u2013 do qual, atualmente, cerca de 200 \u00f3rg\u00e3os fazem parte.<\/p>\n\n\n\n<p>Al\u00e9m de servidores efetivos, poder\u00e3o participar do programa ocupantes de cargos em comiss\u00e3o, empregados p\u00fablicos e contratados tempor\u00e1rios. Segundo o minist\u00e9rio, cada \u00f3rg\u00e3o definir\u00e1, a partir de suas necessidades, quais atividades poder\u00e3o ser desempenhadas a dist\u00e2ncia. Caber\u00e1 ao dirigente m\u00e1ximo de cada pasta autorizar a implementa\u00e7\u00e3o do programa.<\/p>\n","protected":false},"excerpt":{"rendered":"<p>O governo federal economizou R$ 691,9 milh\u00f5es com custeio administrativo durante a pandemia do novo coronav\u00edrus (Covid-19). Segundo o Minist\u00e9rio da Economia, a redu\u00e7\u00e3o foi&hellip; <\/p>\n","protected":false},"author":2,"featured_media":186820,"comment_status":"closed","ping_status":"closed","sticky":false,"template":"","format":"standard","meta":{"sfsi_plus_gutenberg_text_before_share":"","sfsi_plus_gutenberg_show_text_before_share":"","sfsi_plus_gutenberg_icon_type":"","sfsi_plus_gutenberg_icon_alignemt":"","sfsi_plus_gutenburg_max_per_row":"","footnotes":""},"categories":[11],"tags":[],"class_list":["post-186819","post","type-post","status-publish","format-standard","has-post-thumbnail","hentry","category-politica"],"_links":{"self":[{"href":"https:\/\/www.caririemacao.com\/1\/wp-json\/wp\/v2\/posts\/186819","targetHints":{"allow":["GET"]}}],"collection":[{"href":"https:\/\/www.caririemacao.com\/1\/wp-json\/wp\/v2\/posts"}],"about":[{"href":"https:\/\/www.caririemacao.com\/1\/wp-json\/wp\/v2\/types\/post"}],"author":[{"embeddable":true,"href":"https:\/\/www.caririemacao.com\/1\/wp-json\/wp\/v2\/users\/2"}],"replies":[{"embeddable":true,"href":"https:\/\/www.caririemacao.com\/1\/wp-json\/wp\/v2\/comments?post=186819"}],"version-history":[{"count":1,"href":"https:\/\/www.caririemacao.com\/1\/wp-json\/wp\/v2\/posts\/186819\/revisions"}],"predecessor-version":[{"id":186821,"href":"https:\/\/www.caririemacao.com\/1\/wp-json\/wp\/v2\/posts\/186819\/revisions\/186821"}],"wp:featuredmedia":[{"embeddable":true,"href":"https:\/\/www.caririemacao.com\/1\/wp-json\/wp\/v2\/media\/186820"}],"wp:attachment":[{"href":"https:\/\/www.caririemacao.com\/1\/wp-json\/wp\/v2\/media?parent=186819"}],"wp:term":[{"taxonomy":"category","embeddable":true,"href":"https:\/\/www.caririemacao.com\/1\/wp-json\/wp\/v2\/categories?post=186819"},{"taxonomy":"post_tag","embeddable":true,"href":"https:\/\/www.caririemacao.com\/1\/wp-json\/wp\/v2\/tags?post=186819"}],"curies":[{"name":"wp","href":"https:\/\/api.w.org\/{rel}","templated":true}]}}