{"id":186828,"date":"2020-09-03T14:18:26","date_gmt":"2020-09-03T17:18:26","guid":{"rendered":"https:\/\/www.caririemacao.com\/1\/?p=186828"},"modified":"2020-09-03T14:18:26","modified_gmt":"2020-09-03T17:18:26","slug":"bolsonaro-quem-tem-bom-preparo-fisico-nao-precisa-se-preocupar","status":"publish","type":"post","link":"https:\/\/www.caririemacao.com\/1\/2020\/09\/03\/bolsonaro-quem-tem-bom-preparo-fisico-nao-precisa-se-preocupar\/","title":{"rendered":"Bolsonaro: \u201cQuem tem bom preparo f\u00edsico n\u00e3o precisa se preocupar\u201d"},"content":{"rendered":"\n<h1 class=\"wp-block-heading\"><\/h1>\n\n\n\n<p>Em discurso no Pal\u00e1cio do Planalto, Bolsonaro disse que se o paciente tem problemas de sa\u00fade, \u201cqualquer chuvinha\u201d pode causar uma pneumonia.<\/p>\n\n\n\n<p>Em cerim\u00f4nia, o presidente recebeu um disc\u00f3bolo de ouro, s\u00edmbolo da educa\u00e7\u00e3o f\u00edsica, entregue pelos conselhos regionais da atividade profissional.<\/p>\n\n\n\n<p>\u201cQuem tem um bom preparo, est\u00e1 bem de sa\u00fade, n\u00e3o tem que se preocupar. \u00c9 igual uma chuva. Se o cara est\u00e1 com problema, qualquer chuvinha vira uma pneumonia e pode ter problema\u201d, disse.<\/p>\n\n\n\n<p>O presidente disse ainda que foi bastante criticado desde o in\u00edcio da pandemia e afirmou que considera ter um bom preparo f\u00edsico, j\u00e1 que foi infectado pela doen\u00e7a e conseguiu se recuperar.<\/p>\n\n\n\n<p>\u201cEu acho que adquiri um preparo f\u00edsico. Me sinto bem, fa\u00e7o qualquer coisa\u201d, afirmou. \u201cO est\u00edmulo da pr\u00e1tica esportiva est\u00e1 ajudando a gastar menos com sa\u00fade\u201d, acrescentou.<\/p>\n\n\n\n<p>Desde mar\u00e7o, o presidente tem afirmado que boas condi\u00e7\u00f5es f\u00edsicas protegem o atleta em caso de infec\u00e7\u00e3o pela doen\u00e7a. Ele pr\u00f3prio disse que tem um hist\u00f3rico de atleta. O presidente \u00e9 formado pela Academia Militar das Agulhas Negras, no Rio de Janeiro.<\/p>\n\n\n\n<p>O esporte pode, de fato, aumentar a resposta imunol\u00f3gica do corpo, mas entidades de sa\u00fade dizem que ele n\u00e3o garante resposta eficaz contra o coronav\u00edrus.<\/p>\n\n\n\n<p>No mundo, desde o in\u00edcio da pandemia, v\u00e1rios atletas contra\u00edram a doen\u00e7a e tiveram sintomas fortes. Houve casos at\u00e9 mesmo de esportistas que foram internados.<\/p>\n\n\n\n<p>Os sintomas do coronav\u00edrus podem demorar a aparecer e fazer uma atividade que aumente o fluxo de sangue aumenta, inclusive a chance de a doen\u00e7a causar uma complica\u00e7\u00e3o card\u00edaca.<\/p>\n\n\n\n<p>O quadro pode evoluir para um caso de insufici\u00eancia, sobretudo se a pessoa j\u00e1 tiver algum d\u00e9ficit vascular anterior, mesmo que desconhecido at\u00e9 ent\u00e3o.<\/p>\n","protected":false},"excerpt":{"rendered":"<p>Em discurso no Pal\u00e1cio do Planalto, Bolsonaro disse que se o paciente tem problemas de sa\u00fade, \u201cqualquer chuvinha\u201d pode causar uma pneumonia. Em cerim\u00f4nia, o&hellip; <\/p>\n","protected":false},"author":2,"featured_media":185088,"comment_status":"closed","ping_status":"closed","sticky":false,"template":"","format":"standard","meta":{"sfsi_plus_gutenberg_text_before_share":"","sfsi_plus_gutenberg_show_text_before_share":"","sfsi_plus_gutenberg_icon_type":"","sfsi_plus_gutenberg_icon_alignemt":"","sfsi_plus_gutenburg_max_per_row":"","footnotes":""},"categories":[11],"tags":[],"class_list":["post-186828","post","type-post","status-publish","format-standard","has-post-thumbnail","hentry","category-politica"],"_links":{"self":[{"href":"https:\/\/www.caririemacao.com\/1\/wp-json\/wp\/v2\/posts\/186828","targetHints":{"allow":["GET"]}}],"collection":[{"href":"https:\/\/www.caririemacao.com\/1\/wp-json\/wp\/v2\/posts"}],"about":[{"href":"https:\/\/www.caririemacao.com\/1\/wp-json\/wp\/v2\/types\/post"}],"author":[{"embeddable":true,"href":"https:\/\/www.caririemacao.com\/1\/wp-json\/wp\/v2\/users\/2"}],"replies":[{"embeddable":true,"href":"https:\/\/www.caririemacao.com\/1\/wp-json\/wp\/v2\/comments?post=186828"}],"version-history":[{"count":1,"href":"https:\/\/www.caririemacao.com\/1\/wp-json\/wp\/v2\/posts\/186828\/revisions"}],"predecessor-version":[{"id":186829,"href":"https:\/\/www.caririemacao.com\/1\/wp-json\/wp\/v2\/posts\/186828\/revisions\/186829"}],"wp:featuredmedia":[{"embeddable":true,"href":"https:\/\/www.caririemacao.com\/1\/wp-json\/wp\/v2\/media\/185088"}],"wp:attachment":[{"href":"https:\/\/www.caririemacao.com\/1\/wp-json\/wp\/v2\/media?parent=186828"}],"wp:term":[{"taxonomy":"category","embeddable":true,"href":"https:\/\/www.caririemacao.com\/1\/wp-json\/wp\/v2\/categories?post=186828"},{"taxonomy":"post_tag","embeddable":true,"href":"https:\/\/www.caririemacao.com\/1\/wp-json\/wp\/v2\/tags?post=186828"}],"curies":[{"name":"wp","href":"https:\/\/api.w.org\/{rel}","templated":true}]}}