{"id":186843,"date":"2020-09-04T06:15:20","date_gmt":"2020-09-04T09:15:20","guid":{"rendered":"https:\/\/www.caririemacao.com\/1\/?p=186843"},"modified":"2020-09-04T06:15:20","modified_gmt":"2020-09-04T09:15:20","slug":"sume-registra-12-casos-de-coronavirus-nesta-quinta-feira-03","status":"publish","type":"post","link":"https:\/\/www.caririemacao.com\/1\/2020\/09\/04\/sume-registra-12-casos-de-coronavirus-nesta-quinta-feira-03\/","title":{"rendered":"Sum\u00e9 registra 12 casos de coronav\u00edrus nesta quinta-feira, 03"},"content":{"rendered":"\n<h1 class=\"wp-block-heading\"><\/h1>\n\n\n\n<p>A Secretaria Municipal de Sa\u00fade de Sum\u00e9 informa que foram registrados 12 casos positivos para o coronav\u00edrus nesta quinta-feira, 03.<\/p>\n\n\n\n<p>1\u00ba caso: mulher, 32 anos, sem comorbidades, Santa Rosa;<\/p>\n\n\n\n<p>2\u00ba caso: mulher, 46 anos, com comorbidades, Santa Rosa;<\/p>\n\n\n\n<p>3\u00ba caso: homem, 07 anos, sem comorbidades, Frei Dami\u00e3o;<\/p>\n\n\n\n<p>4\u00ba caso: homem, 36 anos, sem comorbidades, Conjunto Habitacional;<\/p>\n\n\n\n<p>5\u00ba caso: homem, 40 anos, sem comorbidades, Centro;<\/p>\n\n\n\n<p>6\u00ba caso: homem, 29 anos, com comorbidades, Santa Rosa;<\/p>\n\n\n\n<p>7\u00ba caso: homem, 54 anos, sem comorbidades, Alto do Jorge;<\/p>\n\n\n\n<p>8\u00ba caso: homem, 52 anos, sem comorbidades, Frei Dami\u00e3o;<\/p>\n\n\n\n<p>9\u00ba caso: homem, 45 anos, sem comorbidades, Pedro Ferreira Filho;<\/p>\n\n\n\n<p>10\u00b0 caso: mulher, 54 anos, sem comorbidades, V\u00e1rzea Redonda;<\/p>\n\n\n\n<p>11\u00ba caso: homem, 46 anos, sem comorbidades, Alto Alegre;<\/p>\n\n\n\n<p>12\u00b0 caso: homem, 39 anos, sem comorbidades, Alto Alegre.<\/p>\n\n\n\n<p>Foram registrados 2 casos recuperados na data de hoje<\/p>\n\n\n\n<p>A batalha contra o coronav\u00edrus ainda n\u00e3o foi vencida, por isso n\u00e3o baixe sua<br>guarda, continue seguindo medidas comprovadamente capazes de te proteger,<br>como: Lavar frequente as m\u00e3os; usar \u00e1lcool em gel 70%; ao sair usar m\u00e1scara<br>e evitar ambientes aglomerados.<\/p>\n\n\n\n<p>Ascom PMS<\/p>\n","protected":false},"excerpt":{"rendered":"<p>A Secretaria Municipal de Sa\u00fade de Sum\u00e9 informa que foram registrados 12 casos positivos para o coronav\u00edrus nesta quinta-feira, 03. 1\u00ba caso: mulher, 32 anos,&hellip; <\/p>\n","protected":false},"author":2,"featured_media":186844,"comment_status":"closed","ping_status":"closed","sticky":false,"template":"","format":"standard","meta":{"sfsi_plus_gutenberg_text_before_share":"","sfsi_plus_gutenberg_show_text_before_share":"","sfsi_plus_gutenberg_icon_type":"","sfsi_plus_gutenberg_icon_alignemt":"","sfsi_plus_gutenburg_max_per_row":"","footnotes":""},"categories":[50,2],"tags":[],"class_list":["post-186843","post","type-post","status-publish","format-standard","has-post-thumbnail","hentry","category-destaque","category-geral"],"_links":{"self":[{"href":"https:\/\/www.caririemacao.com\/1\/wp-json\/wp\/v2\/posts\/186843","targetHints":{"allow":["GET"]}}],"collection":[{"href":"https:\/\/www.caririemacao.com\/1\/wp-json\/wp\/v2\/posts"}],"about":[{"href":"https:\/\/www.caririemacao.com\/1\/wp-json\/wp\/v2\/types\/post"}],"author":[{"embeddable":true,"href":"https:\/\/www.caririemacao.com\/1\/wp-json\/wp\/v2\/users\/2"}],"replies":[{"embeddable":true,"href":"https:\/\/www.caririemacao.com\/1\/wp-json\/wp\/v2\/comments?post=186843"}],"version-history":[{"count":1,"href":"https:\/\/www.caririemacao.com\/1\/wp-json\/wp\/v2\/posts\/186843\/revisions"}],"predecessor-version":[{"id":186845,"href":"https:\/\/www.caririemacao.com\/1\/wp-json\/wp\/v2\/posts\/186843\/revisions\/186845"}],"wp:featuredmedia":[{"embeddable":true,"href":"https:\/\/www.caririemacao.com\/1\/wp-json\/wp\/v2\/media\/186844"}],"wp:attachment":[{"href":"https:\/\/www.caririemacao.com\/1\/wp-json\/wp\/v2\/media?parent=186843"}],"wp:term":[{"taxonomy":"category","embeddable":true,"href":"https:\/\/www.caririemacao.com\/1\/wp-json\/wp\/v2\/categories?post=186843"},{"taxonomy":"post_tag","embeddable":true,"href":"https:\/\/www.caririemacao.com\/1\/wp-json\/wp\/v2\/tags?post=186843"}],"curies":[{"name":"wp","href":"https:\/\/api.w.org\/{rel}","templated":true}]}}